{"id":55630,"date":"2023-05-24T22:14:15","date_gmt":"2023-05-25T03:14:15","guid":{"rendered":"http:\/\/www.zonaroja.com.mx\/?p=55630"},"modified":"2023-05-24T22:14:17","modified_gmt":"2023-05-25T03:14:17","slug":"se-acumulan-protestas-sindicales-al-gobierno-de-oaxaca","status":"publish","type":"post","link":"https:\/\/zonaroja.com.mx\/?p=55630","title":{"rendered":"Se acumulan protestas sindicales al gobierno de Oaxaca"},"content":{"rendered":"\n<p>Ismael Garc\u00eda M.\/Zona Roja.<\/p>\n\n\n\n<p>Oaxaca de Ju\u00e1rez, Oax., a 24 de mayo de 2023.- Al menos cuatro conflictos laborales en igual n\u00famero de dependencias acumula el gobierno de Oaxaca, varios de los cuales permanecen sin atenci\u00f3n.<\/p>\n\n\n\n<p>Este mi\u00e9rcoles se cumplieron tres d\u00edas de \u201cplant\u00f3n\u201d por parte de integrantes de dos sindicatos del Sistema de Telebachilleratos Comunitarios del Estado de Oaxaca, que exigen mejoras salariales.<\/p>\n\n\n\n<p>Asimismo, equipamiento de inmuebles en el interior del estado y entrega de materiales. Se instalaron el lunes en el z\u00f3calo, tras una marcha.<\/p>\n\n\n\n<p>Sin embargo, hoy denunciaron que la Secretar\u00eda de Gobierno que encabeza Jes\u00fas Romero L\u00f3pez los condicion\u00f3 a recibirlos ma\u00f1ana, a cambio de que retiren su protesta, pues en caso contrario, se usar\u00e1 la fuerza p\u00fablica.<\/p>\n\n\n\n<p>Mientras tanto, este d\u00eda tambi\u00e9n surgi\u00f3 una inconformidad, ahora en la dependencia Caminos Bienestar, antes conocida como CAO, por parte de los trabajadores.&nbsp;<\/p>\n\n\n\n<p>Denuncian insensibilidad y mal trato por parte de los funcionarios del gobierno de Salom\u00f3n Jara Cruz, as\u00ed como falta de materiales de trabajo; hasta esta noche no se ha informado si ya fueron atendidos.<\/p>\n\n\n\n<p>Desde temprana hora cerraron las oficinas y colocaron cartulinas en la sede ubicada en Ciudad Judicial, oficinas gubernamentales ubicadas en San Bartolo Coyotepec.<\/p>\n\n\n\n<p>Por tercer d\u00eda tambi\u00e9n contin\u00faa el paro de labores de trabajadores sindicalizados, en oficinas centrales de la Direcci\u00f3n del Registro Civil, ubicadas en la calle Santos Degollado y Ray\u00f3n de la capital oaxaque\u00f1a.<\/p>\n\n\n\n<p>Sin afectar las actividades, desde el primer d\u00eda los empleados han denunciado que no cuentan con materiales de trabajo, pero sobre todo laboran en un inmueble en condiciones de riesgo; la directora Dulce Bel\u00e9n Uribe ha hecho caso omiso.<\/p>\n\n\n\n<p>Ayer, en oficinas de la Coordinaci\u00f3n General de Educaci\u00f3n Media Superior y Superior, ubicadas en la agencia de Cinco Se\u00f1ores, se registr\u00f3 otra inconformidad por parte de trabajadores.<\/p>\n","protected":false},"excerpt":{"rendered":"<p>Ismael Garc\u00eda M.\/Zona Roja. Oaxaca de Ju\u00e1rez, Oax., a 24 de mayo de 2023.- Al&hellip;<\/p>\n","protected":false},"author":2,"featured_media":55631,"comment_status":"closed","ping_status":"open","sticky":false,"template":"","format":"standard","meta":{"_lmt_disableupdate":"","_lmt_disable":"","_jetpack_memberships_contains_paid_content":false,"footnotes":""},"categories":[109,47],"tags":[2254],"class_list":["post-55630","post","type-post","status-publish","format-standard","has-post-thumbnail","hentry","category-minuto-a-minuto","category-zona-gris","tag-protestas-y-bloqueos-oaxaca"],"jetpack_featured_media_url":"https:\/\/zonaroja.com.mx\/wp-content\/uploads\/2023\/05\/Protesta-Telebachilleratos-Oaxaca-zocalo.jpg","jetpack_sharing_enabled":true,"_links":{"self":[{"href":"https:\/\/zonaroja.com.mx\/index.php?rest_route=\/wp\/v2\/posts\/55630","targetHints":{"allow":["GET"]}}],"collection":[{"href":"https:\/\/zonaroja.com.mx\/index.php?rest_route=\/wp\/v2\/posts"}],"about":[{"href":"https:\/\/zonaroja.com.mx\/index.php?rest_route=\/wp\/v2\/types\/post"}],"author":[{"embeddable":true,"href":"https:\/\/zonaroja.com.mx\/index.php?rest_route=\/wp\/v2\/users\/2"}],"replies":[{"embeddable":true,"href":"https:\/\/zonaroja.com.mx\/index.php?rest_route=%2Fwp%2Fv2%2Fcomments&post=55630"}],"version-history":[{"count":1,"href":"https:\/\/zonaroja.com.mx\/index.php?rest_route=\/wp\/v2\/posts\/55630\/revisions"}],"predecessor-version":[{"id":55632,"href":"https:\/\/zonaroja.com.mx\/index.php?rest_route=\/wp\/v2\/posts\/55630\/revisions\/55632"}],"wp:featuredmedia":[{"embeddable":true,"href":"https:\/\/zonaroja.com.mx\/index.php?rest_route=\/wp\/v2\/media\/55631"}],"wp:attachment":[{"href":"https:\/\/zonaroja.com.mx\/index.php?rest_route=%2Fwp%2Fv2%2Fmedia&parent=55630"}],"wp:term":[{"taxonomy":"category","embeddable":true,"href":"https:\/\/zonaroja.com.mx\/index.php?rest_route=%2Fwp%2Fv2%2Fcategories&post=55630"},{"taxonomy":"post_tag","embeddable":true,"href":"https:\/\/zonaroja.com.mx\/index.php?rest_route=%2Fwp%2Fv2%2Ftags&post=55630"}],"curies":[{"name":"wp","href":"https:\/\/api.w.org\/{rel}","templated":true}]}}