{"id":55633,"date":"2023-05-25T08:30:00","date_gmt":"2023-05-25T13:30:00","guid":{"rendered":"http:\/\/www.zonaroja.com.mx\/?p=55633"},"modified":"2023-05-25T08:13:27","modified_gmt":"2023-05-25T13:13:27","slug":"otros-dos-ejecutados-en-oaxaca-suman-cinco-en-un-dia","status":"publish","type":"post","link":"https:\/\/zonaroja.com.mx\/?p=55633","title":{"rendered":"Otros dos ejecutados en Oaxaca; suman cinco en un d\u00eda"},"content":{"rendered":"\n<p>Ismael Garc\u00eda M.\/Zona Roja.<\/p>\n\n\n\n<p>Oaxaca de Ju\u00e1rez, Oax., a 25 de mayo de 2023.- Otras dos personas fueron ejecutadas a balazos en Oaxaca, con lo que suman cinco cr\u00edmenes registrados este mi\u00e9rcoles.<\/p>\n\n\n\n<p>Los recientes hechos ocurrieron en la agencia El Molino, del municipio de Huajuapan de Le\u00f3n, en la regi\u00f3n Mixteca del estado.<\/p>\n\n\n\n<p>Sujetos armados arribaron a un taller de motocicletas y dispararon sus armas de fuego directamente en contra de los trabajadores, tras lo cual huyeron.<\/p>\n\n\n\n<p>Las v\u00edctimas fueron identificadas como Osmar C. S., de 27 a\u00f1os de edad, y Jes\u00fas Benjam\u00edn B. S., de 22 a\u00f1os de edad.<\/p>\n\n\n\n<p>Hasta el momento se desconoce el m\u00f3vil del doble homicidio y personal de la Vicefiscal\u00eda Regional de la Mixteca inici\u00f3 con las indagatorias correspondientes.<\/p>\n\n\n\n<p>Como se inform\u00f3, ayer mi\u00e9rcoles fueron asesinadas otras tres personas, una de ellas en Santiago Jamiltepec, otra en Fresnillo de Trujano y una m\u00e1s en El Barrio de la Soledad; dos personas fueron lesionadas de bala, una en Santa Mar\u00eda Atzompa y otra en Santo Domingo Tehuantepec.<\/p>\n","protected":false},"excerpt":{"rendered":"<p>Ismael Garc\u00eda M.\/Zona Roja. Oaxaca de Ju\u00e1rez, Oax., a 25 de mayo de 2023.- Otras&hellip;<\/p>\n","protected":false},"author":2,"featured_media":55634,"comment_status":"closed","ping_status":"open","sticky":false,"template":"","format":"standard","meta":{"_lmt_disableupdate":"","_lmt_disable":"","_jetpack_memberships_contains_paid_content":false,"footnotes":""},"categories":[109,51],"tags":[594],"class_list":["post-55633","post","type-post","status-publish","format-standard","has-post-thumbnail","hentry","category-minuto-a-minuto","category-zona-roja","tag-huajuapan-de-leon"],"jetpack_featured_media_url":"https:\/\/zonaroja.com.mx\/wp-content\/uploads\/2023\/05\/Dos-ejecutados-Huajuapan-de-Leon.jpg","jetpack_sharing_enabled":true,"_links":{"self":[{"href":"https:\/\/zonaroja.com.mx\/index.php?rest_route=\/wp\/v2\/posts\/55633","targetHints":{"allow":["GET"]}}],"collection":[{"href":"https:\/\/zonaroja.com.mx\/index.php?rest_route=\/wp\/v2\/posts"}],"about":[{"href":"https:\/\/zonaroja.com.mx\/index.php?rest_route=\/wp\/v2\/types\/post"}],"author":[{"embeddable":true,"href":"https:\/\/zonaroja.com.mx\/index.php?rest_route=\/wp\/v2\/users\/2"}],"replies":[{"embeddable":true,"href":"https:\/\/zonaroja.com.mx\/index.php?rest_route=%2Fwp%2Fv2%2Fcomments&post=55633"}],"version-history":[{"count":2,"href":"https:\/\/zonaroja.com.mx\/index.php?rest_route=\/wp\/v2\/posts\/55633\/revisions"}],"predecessor-version":[{"id":55638,"href":"https:\/\/zonaroja.com.mx\/index.php?rest_route=\/wp\/v2\/posts\/55633\/revisions\/55638"}],"wp:featuredmedia":[{"embeddable":true,"href":"https:\/\/zonaroja.com.mx\/index.php?rest_route=\/wp\/v2\/media\/55634"}],"wp:attachment":[{"href":"https:\/\/zonaroja.com.mx\/index.php?rest_route=%2Fwp%2Fv2%2Fmedia&parent=55633"}],"wp:term":[{"taxonomy":"category","embeddable":true,"href":"https:\/\/zonaroja.com.mx\/index.php?rest_route=%2Fwp%2Fv2%2Fcategories&post=55633"},{"taxonomy":"post_tag","embeddable":true,"href":"https:\/\/zonaroja.com.mx\/index.php?rest_route=%2Fwp%2Fv2%2Ftags&post=55633"}],"curies":[{"name":"wp","href":"https:\/\/api.w.org\/{rel}","templated":true}]}}