{"id":55636,"date":"2023-05-25T10:30:00","date_gmt":"2023-05-25T15:30:00","guid":{"rendered":"http:\/\/www.zonaroja.com.mx\/?p=55636"},"modified":"2023-05-25T07:54:22","modified_gmt":"2023-05-25T12:54:22","slug":"condenan-a-mujer-por-homicidio-atrapan-en-eu-a-presunto-asesino","status":"publish","type":"post","link":"https:\/\/zonaroja.com.mx\/?p=55636","title":{"rendered":"Condenan a mujer por homicidio; atrapan en EU a presunto asesino"},"content":{"rendered":"\n<p>Redacci\u00f3n\/Zona Roja.<\/p>\n\n\n\n<p>Oaxaca de Ju\u00e1rez, Oax., a 25 de mayo de 2023.- La Fiscal\u00eda General del Estado de Oaxaca (FGEO) obtuvo fallo condenatorio contra la mujer identificada como L. S. C., por el homicidio del empresario transportista J. O. M. y su esposa G. C. H. M., delito cometido el 7 diciembre de 2019, en la ciudad de Oaxaca de Ju\u00e1rez.<\/p>\n\n\n\n<p>La imputada fue aprehendida por Agentes Estales de Investigaci\u00f3n el 26 de junio de 2020 en la capital oaxaque\u00f1a, luego de que la Fiscal\u00eda Especializada en Atenci\u00f3n a Delitos de Alto Impacto efectuara las investigaciones correspondientes.<\/p>\n\n\n\n<p>De acuerdo con la causa penal, el 7 de diciembre de 2019, L. S. C. \u2014en compa\u00f1\u00eda de otros sujetos\u2014, lleg\u00f3 al domicilio particular de las v\u00edctimas, ubicado sobre la calle J. P. Garc\u00eda, colonia Centro del municipio de Oaxaca, donde privaron de la vida a G. C. H. M. y a J. O. M.<\/p>\n\n\n\n<p>Ante estos hechos, la Instituci\u00f3n de procuraci\u00f3n de justicia dio inicio a una rigurosa investigaci\u00f3n -a trav\u00e9s de la Fiscal\u00eda Especializada en Atenci\u00f3n a Delitos de Alto Impacto-, logrando identificar, aprehender y llevar ante el Juzgado de Control a la imputada.<\/p>\n\n\n\n<p>En audiencia, y luego de que la GEO aportara los datos de prueba suficientes, la Jueza del Tribunal Unitario de Enjuiciamiento dict\u00f3 fallo condenatorio en contra de L. S. C., como responsable del homicidio calificado con ventaja, adem\u00e1s de establecer el 29 de mayo del 2023 para la lectura de sentencia.<\/p>\n\n\n\n<p>MAT\u00d3 A AUTORIDAD<\/p>\n\n\n\n<p>Por otra parte, derivado de la investigaci\u00f3n encabezada por la Fiscal\u00eda General del Estado, una persona del sexo masculino identificada por las iniciales V. M. A. B. fue detenida en Estados Unidos y trasladada a la entidad donde qued\u00f3 vinculado a proceso al enfrentar cargos por el delito de homicidio calificado, cometido en el municipio de Santa Cruz Amilpas, en la Zona Metropolitana de Valles Centrales.<\/p>\n\n\n\n<p>El imputado fue localizado y detenido en los Estados Unidos de Norteam\u00e9rica, de donde fue deportado el pasado 17 de mayo de 2023. Al entrar a territorio nacional se le ejecut\u00f3 una orden de aprehensi\u00f3n en la ciudad de Matamoros en Tamaulipas.<\/p>\n\n\n\n<p>Como resultado de los trabajos de colaboraci\u00f3n interinstitucional entre la Fiscal\u00eda General de Justicia del Estado de Tamaulipas y la FGEO, elementos de la Agencia Estatal de Investigaciones de Oaxaca trasladaron a la entidad a V. M. A. B.<\/p>\n\n\n\n<p>Este mi\u00e9rcoles 24 de mayo, el Juez vincul\u00f3 a proceso al imputado y dict\u00f3 como medida cautelar la prisi\u00f3n preventiva, adem\u00e1s que otorg\u00f3 dos meses para el cierre de la investigaci\u00f3n complementaria.<\/p>\n\n\n\n<p>De acuerdo con el expediente penal, los hechos sucedieron el 6 de mayo de 2019, cuando la v\u00edctima, un hombre identificado como P. G. R., caminaba por la calle Ignacio Zaragoza del municipio de Santa Cruz Amilpas, donde fue agredido a balazos sufriendo lesiones que terminaron con su vida.<\/p>\n\n\n\n<p>Los trabajos realizados por la Fiscal\u00eda Especializada para la Atenci\u00f3n a Delitos de Alto Impacto se realizan con un equipo multidisciplinario para considerar las diversas aristas en b\u00fasqueda de la resoluci\u00f3n de casos.<\/p>\n","protected":false},"excerpt":{"rendered":"<p>Redacci\u00f3n\/Zona Roja. Oaxaca de Ju\u00e1rez, Oax., a 25 de mayo de 2023.- La Fiscal\u00eda General&hellip;<\/p>\n","protected":false},"author":2,"featured_media":52616,"comment_status":"closed","ping_status":"open","sticky":false,"template":"","format":"standard","meta":{"_lmt_disableupdate":"","_lmt_disable":"","_jetpack_memberships_contains_paid_content":false,"footnotes":""},"categories":[109,46],"tags":[494],"class_list":["post-55636","post","type-post","status-publish","format-standard","has-post-thumbnail","hentry","category-minuto-a-minuto","category-zona-blanca","tag-fiscalia-general-del-estado-de-oaxaca"],"jetpack_featured_media_url":"https:\/\/zonaroja.com.mx\/wp-content\/uploads\/2023\/03\/Detenida-esposada-aprehendida.jpeg","jetpack_sharing_enabled":true,"_links":{"self":[{"href":"https:\/\/zonaroja.com.mx\/index.php?rest_route=\/wp\/v2\/posts\/55636","targetHints":{"allow":["GET"]}}],"collection":[{"href":"https:\/\/zonaroja.com.mx\/index.php?rest_route=\/wp\/v2\/posts"}],"about":[{"href":"https:\/\/zonaroja.com.mx\/index.php?rest_route=\/wp\/v2\/types\/post"}],"author":[{"embeddable":true,"href":"https:\/\/zonaroja.com.mx\/index.php?rest_route=\/wp\/v2\/users\/2"}],"replies":[{"embeddable":true,"href":"https:\/\/zonaroja.com.mx\/index.php?rest_route=%2Fwp%2Fv2%2Fcomments&post=55636"}],"version-history":[{"count":1,"href":"https:\/\/zonaroja.com.mx\/index.php?rest_route=\/wp\/v2\/posts\/55636\/revisions"}],"predecessor-version":[{"id":55637,"href":"https:\/\/zonaroja.com.mx\/index.php?rest_route=\/wp\/v2\/posts\/55636\/revisions\/55637"}],"wp:featuredmedia":[{"embeddable":true,"href":"https:\/\/zonaroja.com.mx\/index.php?rest_route=\/wp\/v2\/media\/52616"}],"wp:attachment":[{"href":"https:\/\/zonaroja.com.mx\/index.php?rest_route=%2Fwp%2Fv2%2Fmedia&parent=55636"}],"wp:term":[{"taxonomy":"category","embeddable":true,"href":"https:\/\/zonaroja.com.mx\/index.php?rest_route=%2Fwp%2Fv2%2Fcategories&post=55636"},{"taxonomy":"post_tag","embeddable":true,"href":"https:\/\/zonaroja.com.mx\/index.php?rest_route=%2Fwp%2Fv2%2Ftags&post=55636"}],"curies":[{"name":"wp","href":"https:\/\/api.w.org\/{rel}","templated":true}]}}