{"id":55643,"date":"2023-05-25T11:25:00","date_gmt":"2023-05-25T16:25:00","guid":{"rendered":"http:\/\/www.zonaroja.com.mx\/?p=55643"},"modified":"2023-05-25T08:26:26","modified_gmt":"2023-05-25T13:26:26","slug":"impunidad-a-mas-de-un-ano-de-megarrobo-de-vehiculos-en-oaxaca-capital","status":"publish","type":"post","link":"https:\/\/zonaroja.com.mx\/?p=55643","title":{"rendered":"Impunidad, a m\u00e1s de un a\u00f1o de megarrobo de veh\u00edculos en Oaxaca capital"},"content":{"rendered":"\n<p>Yuridiana Sosa\/Zona Roja.<\/p>\n\n\n\n<p>Oaxaca de Ju\u00e1rez, Oax., a 25 de mayo de 2023.- El robo de alrededor de 800 unidades de motor y diversos art\u00edculos del encierro municipal \u201cPrimavera\u201d de Oaxaca de Ju\u00e1rez cumpli\u00f3 un a\u00f1o, y pese a supuestas denuncias ante la Fiscal\u00eda General de Oaxaca e investigaciones internas del ayuntamiento, hasta el momento no existen avances dados a conocer del caso.<\/p>\n\n\n\n<p>Fue el 9 de marzo del 2022 que dio inicio el operativo del hurto, mismo que se realiz\u00f3 durante tres meses \u2013hasta junio- sin que supuestamente el edil Francisco Mart\u00ednez Neri se diera cuenta del delito.<\/p>\n\n\n\n<p>De acuerdo con la relator\u00eda de hechos por parte del ex director de Movilidad de la Secretar\u00eda de Seguridad Ciudadana, Movilidad y Protecci\u00f3n Civil del municipio de Oaxaca de Ju\u00e1rez, Fidel V. V., el robo fue encabezado por Alejandro G. P., del \u00e1rea de concertaci\u00f3n pol\u00edtica de la Secretar\u00eda de Gobierno municipal, cercano al secretario Felipe Canseco.<\/p>\n\n\n\n<p>Del encierro \u201cPrimavera\u201d, ubicado en el fraccionamiento Jardines de la Primera en San Jacinto Amilpas, se sustrajeron de manera ilegal 426 veh\u00edculos, 350 motocicletas, 35 bicicletas, fierro viejo y hasta sem\u00e1foros en buen estado para su venta.<\/p>\n\n\n\n<p>Pero fue hasta marzo de este a\u00f1o, tras la publicaci\u00f3n de un reportaje del periodista Tom\u00e1s Mart\u00ednez, que Francisco Mart\u00ednez Neri reconoci\u00f3 de forma p\u00fablica el hecho, por el cual a\u00fan no ten\u00edan conocimiento del da\u00f1o econ\u00f3mico por el robo.<\/p>\n\n\n\n<p>As\u00ed como que desde que tuvo conocimiento de las irregularidades, el Consejero Jur\u00eddico, Dagoberto Carre\u00f1o Gopar y a la&nbsp;S\u00edndica Primera, Nancy Belem Mota Figueroa, iniciaran, de manera inmediata,&nbsp;los procedimientos ante el \u00d3rgano Interno de Control Municipal,&nbsp;as\u00ed como ante la Fiscal\u00eda General del Estado de Oaxaca.&nbsp;<\/p>\n\n\n\n<p>Y por el hecho, cuatro&nbsp;personas presentaron su renuncia voluntaria y dos fueron separados de su&nbsp;cargo.<\/p>\n\n\n\n<p>Pero del caso, ni de manera interna por parte del ayuntamiento ni por parte de la Fiscal\u00eda de Oaxaca existe referente de avances significativos del hecho; pues la autoridad municipal justifica que la investigaci\u00f3n es clasificada como reservada.<\/p>\n\n\n\n<p>SUPUESTOS INVOLUCRADOS<\/p>\n\n\n\n<p>En abril de este a\u00f1o, tras la revelaci\u00f3n de los hechos, trabajadores de la Direcci\u00f3n de Vialidad del ayuntamiento de Oaxaca de Ju\u00e1rez denunciaron que la S\u00edndica Nancy Mota proteg\u00eda a Fidel V\u00e1squez Vargas, quien fue director de esa corporaci\u00f3n y se\u00f1alado de participar en el robo de alrededor de 800 veh\u00edculos en el encierro \u201cPrimavera\u201d.<\/p>\n\n\n\n<p>Manifestaron que V\u00e1squez Vargas renunci\u00f3 justamente en los d\u00edas que se public\u00f3 la noticia del mega robo.<\/p>\n\n\n\n<p>Mientras que, de acuerdo al testimonio de Fidel V. V. en diferentes momentos del operativo participaron Tania Mijaylova C.G., directora t\u00e9cnica de la Secretar\u00eda de Seguridad Ciudadana, Movilidad y Protecci\u00f3n Civil; Luis Enrique M.C., perteneciente a la consejer\u00eda jur\u00eddica; Licenciada, Julia C.R., jefa de adquisiciones; &nbsp;Luis Gerardo P.K.,&nbsp; de la direcci\u00f3n de patrimonio; Jos\u00e9 Antonio S.C., director de recursos humanos; Virgen V.L, encargada del \u00e1rea de control vehicular adscrita a la direcci\u00f3n t\u00e9cnica; polic\u00edas encargados del dep\u00f3sito, entre otros.<\/p>\n\n\n\n<p>HASTA CONGRESO INTERVINO<\/p>\n\n\n\n<p>Sobre estos actos, la 65 Legislatura de Oaxaca emiti\u00f3 un exhorto a la Fiscal\u00eda General del Estado y del \u00d3rgano Interno de Control municipal de Oaxaca de Ju\u00e1rez para que realizaran investigaciones urgentes y procedimientos correspondientes en contra de las personas servidoras p\u00fablicas municipales y de quienes resulten responsables.<\/p>\n","protected":false},"excerpt":{"rendered":"<p>Yuridiana Sosa\/Zona Roja. Oaxaca de Ju\u00e1rez, Oax., a 25 de mayo de 2023.- El robo&hellip;<\/p>\n","protected":false},"author":2,"featured_media":52936,"comment_status":"closed","ping_status":"open","sticky":false,"template":"","format":"standard","meta":{"_lmt_disableupdate":"","_lmt_disable":"","_jetpack_memberships_contains_paid_content":false,"footnotes":""},"categories":[109,47],"tags":[148],"class_list":["post-55643","post","type-post","status-publish","format-standard","has-post-thumbnail","hentry","category-minuto-a-minuto","category-zona-gris","tag-oaxaca-de-juarez"],"jetpack_featured_media_url":"https:\/\/zonaroja.com.mx\/wp-content\/uploads\/2023\/03\/Encierro-Primavera-Oaxaca.jpeg","jetpack_sharing_enabled":true,"_links":{"self":[{"href":"https:\/\/zonaroja.com.mx\/index.php?rest_route=\/wp\/v2\/posts\/55643","targetHints":{"allow":["GET"]}}],"collection":[{"href":"https:\/\/zonaroja.com.mx\/index.php?rest_route=\/wp\/v2\/posts"}],"about":[{"href":"https:\/\/zonaroja.com.mx\/index.php?rest_route=\/wp\/v2\/types\/post"}],"author":[{"embeddable":true,"href":"https:\/\/zonaroja.com.mx\/index.php?rest_route=\/wp\/v2\/users\/2"}],"replies":[{"embeddable":true,"href":"https:\/\/zonaroja.com.mx\/index.php?rest_route=%2Fwp%2Fv2%2Fcomments&post=55643"}],"version-history":[{"count":1,"href":"https:\/\/zonaroja.com.mx\/index.php?rest_route=\/wp\/v2\/posts\/55643\/revisions"}],"predecessor-version":[{"id":55644,"href":"https:\/\/zonaroja.com.mx\/index.php?rest_route=\/wp\/v2\/posts\/55643\/revisions\/55644"}],"wp:featuredmedia":[{"embeddable":true,"href":"https:\/\/zonaroja.com.mx\/index.php?rest_route=\/wp\/v2\/media\/52936"}],"wp:attachment":[{"href":"https:\/\/zonaroja.com.mx\/index.php?rest_route=%2Fwp%2Fv2%2Fmedia&parent=55643"}],"wp:term":[{"taxonomy":"category","embeddable":true,"href":"https:\/\/zonaroja.com.mx\/index.php?rest_route=%2Fwp%2Fv2%2Fcategories&post=55643"},{"taxonomy":"post_tag","embeddable":true,"href":"https:\/\/zonaroja.com.mx\/index.php?rest_route=%2Fwp%2Fv2%2Ftags&post=55643"}],"curies":[{"name":"wp","href":"https:\/\/api.w.org\/{rel}","templated":true}]}}