{"id":55645,"date":"2023-05-25T15:28:00","date_gmt":"2023-05-25T20:28:00","guid":{"rendered":"http:\/\/www.zonaroja.com.mx\/?p=55645"},"modified":"2023-05-25T08:30:10","modified_gmt":"2023-05-25T13:30:10","slug":"amlo-y-corcholatas-de-morena-acumulan-363-quejas-ante-el-ine","status":"publish","type":"post","link":"https:\/\/zonaroja.com.mx\/?p=55645","title":{"rendered":"AMLO y \u2018corcholatas\u2019 de Morena acumulan 363 quejas ante el INE"},"content":{"rendered":"\n<p>Redacci\u00f3n\/Zona Roja Cdmx.<\/p>\n\n\n\n<p>Ciudad de M\u00e9xico, a 25 de mayo de 2023.- En casi a\u00f1o y medio, las \u2018corcholatas\u2019 presidenciables de Morena han acumulado un total de 227 quejas ante el Instituto Nacional Electoral (INE) por la serie de actividades que han realizado en M\u00e9xico con miras hacia la elecci\u00f3n de 2024<\/p>\n\n\n\n<p>El presidente Andr\u00e9s Manuel L\u00f3pez Obrador no se queda atr\u00e1s, pues suma 136 denuncias por sus declaraciones en las \u2018ma\u00f1aneras\u2019 que da de lunes a viernes.<\/p>\n\n\n\n<p>De acuerdo con datos del INE, entre enero de 2022 al 17 de mayo de 2023, de las quejas emitidas contra las \u2018corcholatas\u2019, 148 fueron procesos aperturados, y 91 est\u00e1n en proceso de sustanciaci\u00f3n. En el caso del titular del Ejecutivo, solo se abrieron 38 procesos.<\/p>\n\n\n\n<p>Al corte del 12 de mayo, Claudia Sheinbaum, jefa de Gobierno es la funcionaria m\u00e1s denunciada, pues sum\u00f3 59 quejas.<\/p>\n\n\n\n<p>Marcelo Ebrard, secretario de Relaciones Exteriores, tiene 32, mientras que Ad\u00e1n Augusto&nbsp;L\u00f3pez, secretario de Gobernaci\u00f3n, cuenta con 30. El senador Ricardo Monreal solo ha acumulado cinco denuncias individuales, mientras que Gerardo Fern\u00e1ndez Noro\u00f1a ni siquiera pinta entre los objetivos de los quejosos<\/p>\n\n\n\n<p>Representantes de partidos ante el organismo criticaron que&nbsp;con la nueva Comisi\u00f3n de Quejas y Denuncias&nbsp; se ha omitido sancionar a los actores pol\u00edticos, como ocurri\u00f3 en las sesiones m\u00e1s recientes, en las que se negaron medidas cautelares contra el presidente L\u00f3pez Obrador por llamar a votar por Morena.<\/p>\n\n\n\n<p>En 2022, se aprobaron 10 medidas cautelares contra el presidente, mientras que en lo que va de 2023, solo una, refieren datos del INE.<\/p>\n\n\n\n<p>\u00c1ngel \u00c1vila, representante del PRD ante el INE,&nbsp; se dijo \u201cdecepcionado\u201d de la nueva integraci\u00f3n de la Comisi\u00f3n de Quejas, con los consejeros Jorge Monta\u00f1o y Rita L\u00f3pez.<\/p>\n\n\n\n<p>\u201cEn lugar de que siente precedentes para poner un l\u00edmite a la actuaci\u00f3n de los funcionarios, se est\u00e1 dejando \u2018la puerta abierta\u2019 para que todo mundo pueda empezar a violar el marco legal y constitucional. No quieren confrontarse con el presidente\u201d, dijo en entrevista con \u201cEl Financiero\u201d.<\/p>\n\n\n\n<p>Eur\u00edpides Flores, representante suplente de Morena, defendi\u00f3 el actuar de la comisi\u00f3n, pues asegur\u00f3 se conduce con imparcialidad.<\/p>\n\n\n\n<p>\u201cTambi\u00e9n nos han tocado determinaciones en contra y otra que nos han rechazado\u201d, coment\u00f3 en entrevista con este medio.<\/p>\n\n\n\n<p>(Informaci\u00f3n de \u201cEl Financiero\u201d)<\/p>\n","protected":false},"excerpt":{"rendered":"<p>Redacci\u00f3n\/Zona Roja Cdmx. Ciudad de M\u00e9xico, a 25 de mayo de 2023.- En casi a\u00f1o&hellip;<\/p>\n","protected":false},"author":2,"featured_media":50526,"comment_status":"closed","ping_status":"open","sticky":false,"template":"","format":"standard","meta":{"_lmt_disableupdate":"","_lmt_disable":"","_jetpack_memberships_contains_paid_content":false,"footnotes":""},"categories":[109,47],"tags":[143],"class_list":["post-55645","post","type-post","status-publish","format-standard","has-post-thumbnail","hentry","category-minuto-a-minuto","category-zona-gris","tag-andres-manuel-lopez-obrador"],"jetpack_featured_media_url":"https:\/\/zonaroja.com.mx\/wp-content\/uploads\/2023\/01\/Corcholatas-de-Lopez-Obrador-aspirantes-presidencia.jpeg","jetpack_sharing_enabled":true,"_links":{"self":[{"href":"https:\/\/zonaroja.com.mx\/index.php?rest_route=\/wp\/v2\/posts\/55645","targetHints":{"allow":["GET"]}}],"collection":[{"href":"https:\/\/zonaroja.com.mx\/index.php?rest_route=\/wp\/v2\/posts"}],"about":[{"href":"https:\/\/zonaroja.com.mx\/index.php?rest_route=\/wp\/v2\/types\/post"}],"author":[{"embeddable":true,"href":"https:\/\/zonaroja.com.mx\/index.php?rest_route=\/wp\/v2\/users\/2"}],"replies":[{"embeddable":true,"href":"https:\/\/zonaroja.com.mx\/index.php?rest_route=%2Fwp%2Fv2%2Fcomments&post=55645"}],"version-history":[{"count":1,"href":"https:\/\/zonaroja.com.mx\/index.php?rest_route=\/wp\/v2\/posts\/55645\/revisions"}],"predecessor-version":[{"id":55646,"href":"https:\/\/zonaroja.com.mx\/index.php?rest_route=\/wp\/v2\/posts\/55645\/revisions\/55646"}],"wp:featuredmedia":[{"embeddable":true,"href":"https:\/\/zonaroja.com.mx\/index.php?rest_route=\/wp\/v2\/media\/50526"}],"wp:attachment":[{"href":"https:\/\/zonaroja.com.mx\/index.php?rest_route=%2Fwp%2Fv2%2Fmedia&parent=55645"}],"wp:term":[{"taxonomy":"category","embeddable":true,"href":"https:\/\/zonaroja.com.mx\/index.php?rest_route=%2Fwp%2Fv2%2Fcategories&post=55645"},{"taxonomy":"post_tag","embeddable":true,"href":"https:\/\/zonaroja.com.mx\/index.php?rest_route=%2Fwp%2Fv2%2Ftags&post=55645"}],"curies":[{"name":"wp","href":"https:\/\/api.w.org\/{rel}","templated":true}]}}