{"id":55651,"date":"2023-05-25T16:50:17","date_gmt":"2023-05-25T21:50:17","guid":{"rendered":"http:\/\/www.zonaroja.com.mx\/?p=55651"},"modified":"2023-05-25T16:50:18","modified_gmt":"2023-05-25T21:50:18","slug":"por-presiones-libera-gobierno-a-normalista-pero-hay-investigaciones-contra-otros-20","status":"publish","type":"post","link":"https:\/\/zonaroja.com.mx\/?p=55651","title":{"rendered":"Por presiones, libera gobierno a normalista; pero hay investigaciones contra otros 20"},"content":{"rendered":"\n<p>Ismael Garc\u00eda M.\/ Zona Roja.<\/p>\n\n\n\n<p>Oaxaca de Ju\u00e1rez, Oax., a 25 de mayo de 2023.- Estudiantes normalistas de Oaxaca advirtieron que mantendr\u00e1n su lucha y resistencia para el cumplimiento de sus demandas, ante la serie de enga\u00f1os por parte del titular del IEEPO, Emilio Montero P\u00e9rez, sobre supuestos acuerdos alcanzados en mesas de di\u00e1logo.<\/p>\n\n\n\n<p>Este jueves, ante la liberaci\u00f3n del estudiante detenido en las bodegas del Instituto Estatal de Educaci\u00f3n P\u00fablica de Oaxaca, en la agencia de Pueblo Nuevo de la capital, los estudiantes del Centro Regional de Educaci\u00f3n Normal de Oaxaca (CRENO) marcharon en rechazo a la represi\u00f3n que ese mismo d\u00eda sufrieron por parte de la Polic\u00eda Estatal, para desalojar el z\u00f3calo.<\/p>\n\n\n\n<p>Estudiantes que estuvieron presentes durante la detenci\u00f3n de su compa\u00f1ero se\u00f1alaron que su presencia en ese lugar obedeci\u00f3 a una cita por parte del director del IEEPO, quien se encontraba en el lugar, para la entrega de material did\u00e1ctico, lo que finalmente result\u00f3 en un enga\u00f1o o trampa por parte del Gobierno del E<\/p>\n\n\n\n<p>stado para actuar contra ellos.<\/p>\n\n\n\n<p>\u201cMontero ha prometido mucho y ha roto los acuerdos, no cumple\u201d, apuntaron los normalistas durante el mitin al final de la marcha, la cual parti\u00f3 de la fuente Ocho Regiones al z\u00f3calo capitalino.<\/p>\n\n\n\n<p>EXCESIVA FUERZA<\/p>\n\n\n\n<p>En tanto que la Direcci\u00f3n Estatal de Educaci\u00f3n F\u00edsica de la Secci\u00f3n 22 del Sindicato Nacional de Trabajadores de la Educaci\u00f3n (SNTE), consider\u00f3 que los actos ocurrido del martes \u201cmarca el primer agravio contra el movimiento magisterial y social\u201d,<\/p>\n\n\n\n<p>\u201cReprimir a los normalistas con el uso excesivo de la fuerza y ejecutar la detenci\u00f3n de varios estudiantes, representa una clara afrenta a la protesta leg\u00edtima y acerca este gobierno al nefasto pasado de gobiernos priistas\u201d, expuso en un comunicado.<\/p>\n\n\n\n<p>As\u00ed como reiter\u00f3 el respaldo a los estudiantes normalistas y llam\u00f3 al Gobierno del Estado a crear canales de di\u00e1logo que permitan la soluci\u00f3n de la problem\u00e1tica.<\/p>\n\n\n\n<figure class=\"wp-block-embed\"><div class=\"wp-block-embed__wrapper\">\n<div class=\"twitter-tweet\"><blockquote class=\"twitter-tweet\" data-lang=\"es\"><p lang=\"es\" dir=\"ltr\">A dos d\u00edas de los hechos, estudiantes del Centro Regional de Educaci\u00f3n Normal de <a href=\"https:\/\/twitter.com\/hashtag\/Oaxaca?src=hash&amp;ref_src=twsrc%5Etfw\">#Oaxaca<\/a> (CRENO) realizan una marcha para exigir la liberaci\u00f3n de su compa\u00f1ero, detenido la noche del martes tras el desalojo policiaco violento del z\u00f3calo. <a href=\"https:\/\/t.co\/hqP7OGHAaL\">pic.twitter.com\/hqP7OGHAaL<\/a><\/p>&mdash; Zona Roja Oaxaca (@ZonaRoja_Oaxaca) <a href=\"https:\/\/twitter.com\/ZonaRoja_Oaxaca\/status\/1661785090849132545?ref_src=twsrc%5Etfw\">25 de mayo de 2023<\/a><\/blockquote><\/div>\n<\/div><\/figure>\n\n\n\n<p>SE LES INVESTIG\u00d3 HASTA DETENERLOS<\/p>\n\n\n\n<p>A su vez, tras un trabajo de seguimiento por parte de la Secretar\u00eda de Seguridad P\u00fablica de Oaxaca, fue como se identific\u00f3 y detuvo el martes a uno de los normalistas presuntamente involucrados en distintos actos vand\u00e1licos, indic\u00f3 el secretario de Gobierno, Jes\u00fas Romero L\u00f3pez.<\/p>\n\n\n\n<p>A pregunta expresa durante la conferencia del Gabinete de Seguridad de este jueves, sobre acciones del gobierno por otros actos vand\u00e1licos como los ocurridos en marzo, cuando tambi\u00e9n un grupo de estudiantes se manifest\u00f3 de forma violenta frente a Palacio de Gobierno, el secretario indic\u00f3:<\/p>\n\n\n\n<p>\u201cComo recuerdan, era de noche, ven\u00edan tapados todos de la cara y no se identific\u00f3 (por las c\u00e1maras), pero derivado de un trabajo que hizo la Secretar\u00eda de Seguridad P\u00fablica, de seguimiento, cuando estos muchachos pretendieron ingresar a las oficinas de las bodegas del IEEPO, se les detuvo y ah\u00ed se les logr\u00f3 identificar\u201d.<\/p>\n\n\n\n<p>Asegur\u00f3 que existen por lo menos 20 carpetas de investigaci\u00f3n en la Fiscal\u00eda General de Oaxaca por delitos graves contra los normalistas.<\/p>\n\n\n\n<p>CONFIRMA IEEPO LIBERACI\u00d3N&nbsp;<\/p>\n\n\n\n<p>El IEEPO inform\u00f3 que, tras 48 horas de la detenci\u00f3n de un estudiante normalista, y la integraci\u00f3n de la carpeta de investigaci\u00f3n por la Fiscal\u00eda General del Estado, el joven enfrentar\u00e1 su proceso en libertad por los delitos que se le imputan, sin detallar cu\u00e1les.&nbsp;<\/p>\n\n\n\n<p>As\u00ed tambi\u00e9n, dijo que ante los actos vand\u00e1licos, robo de material y equipo, as\u00ed como agresiones al personal en diferentes inmuebles del IEEPO, dicha autoridad dar\u00e1 seguimiento a la denuncia correspondiente para la reparaci\u00f3n de los da\u00f1os.<\/p>\n\n\n\n<p>\u201cNo se tolerar\u00e1n actos vand\u00e1licos contra la instituci\u00f3n que transgredan los inmuebles o pongan en riesgo la integridad f\u00edsica del personal\u201d, se indic\u00f3 en el comunicado.<\/p>\n\n\n\n<p>Detall\u00f3 que entre los da\u00f1os ocasionados a los inmuebles del IEEPO se encuentran pintas con aerosol en las paredes, cristales rotos, sustracci\u00f3n de equipos de c\u00f3mputo y mobiliario, as\u00ed como de documentaci\u00f3n, por lo cual se inici\u00f3 una carpeta de investigaci\u00f3n por los delitos de da\u00f1os y robo en contra de quien o quienes resulten responsables.<\/p>\n","protected":false},"excerpt":{"rendered":"<p>Ismael Garc\u00eda M.\/ Zona Roja. Oaxaca de Ju\u00e1rez, Oax., a 25 de mayo de 2023.-&hellip;<\/p>\n","protected":false},"author":2,"featured_media":55650,"comment_status":"closed","ping_status":"open","sticky":false,"template":"","format":"standard","meta":{"_lmt_disableupdate":"","_lmt_disable":"","_jetpack_memberships_contains_paid_content":false,"footnotes":""},"categories":[1,47],"tags":[],"class_list":["post-55651","post","type-post","status-publish","format-standard","has-post-thumbnail","hentry","category-sin-categoria","category-zona-gris"],"jetpack_featured_media_url":"https:\/\/zonaroja.com.mx\/wp-content\/uploads\/2023\/05\/a138ec85-bf3b-453e-b76f-e822d5e7399f.jpg","jetpack_sharing_enabled":true,"_links":{"self":[{"href":"https:\/\/zonaroja.com.mx\/index.php?rest_route=\/wp\/v2\/posts\/55651","targetHints":{"allow":["GET"]}}],"collection":[{"href":"https:\/\/zonaroja.com.mx\/index.php?rest_route=\/wp\/v2\/posts"}],"about":[{"href":"https:\/\/zonaroja.com.mx\/index.php?rest_route=\/wp\/v2\/types\/post"}],"author":[{"embeddable":true,"href":"https:\/\/zonaroja.com.mx\/index.php?rest_route=\/wp\/v2\/users\/2"}],"replies":[{"embeddable":true,"href":"https:\/\/zonaroja.com.mx\/index.php?rest_route=%2Fwp%2Fv2%2Fcomments&post=55651"}],"version-history":[{"count":1,"href":"https:\/\/zonaroja.com.mx\/index.php?rest_route=\/wp\/v2\/posts\/55651\/revisions"}],"predecessor-version":[{"id":55652,"href":"https:\/\/zonaroja.com.mx\/index.php?rest_route=\/wp\/v2\/posts\/55651\/revisions\/55652"}],"wp:featuredmedia":[{"embeddable":true,"href":"https:\/\/zonaroja.com.mx\/index.php?rest_route=\/wp\/v2\/media\/55650"}],"wp:attachment":[{"href":"https:\/\/zonaroja.com.mx\/index.php?rest_route=%2Fwp%2Fv2%2Fmedia&parent=55651"}],"wp:term":[{"taxonomy":"category","embeddable":true,"href":"https:\/\/zonaroja.com.mx\/index.php?rest_route=%2Fwp%2Fv2%2Fcategories&post=55651"},{"taxonomy":"post_tag","embeddable":true,"href":"https:\/\/zonaroja.com.mx\/index.php?rest_route=%2Fwp%2Fv2%2Ftags&post=55651"}],"curies":[{"name":"wp","href":"https:\/\/api.w.org\/{rel}","templated":true}]}}