{"id":5567,"date":"2019-11-08T21:36:15","date_gmt":"2019-11-09T03:36:15","guid":{"rendered":"http:\/\/www.zonaroja.com.mx\/?p=5567"},"modified":"2019-11-08T21:36:18","modified_gmt":"2019-11-09T03:36:18","slug":"a-cinco-asciende-el-numero-de-policias-asesinados-en-coatlan","status":"publish","type":"post","link":"https:\/\/zonaroja.com.mx\/?p=5567","title":{"rendered":"A cinco asciende el n\u00famero de polic\u00edas asesinados en Coatl\u00e1n"},"content":{"rendered":"\n<p>Redacci\u00f3n\/Zona Roja.<\/p>\n\n\n\n<p>Oaxaca de Ju\u00e1rez, Oax., 8 de noviembre de 2019.- A cinco ascendi\u00f3 el n\u00famero de polic\u00edas asesinados durante una emboscada ocurrida la tarde de hoy en San Vicente Coatl\u00e1n en contra de personal de la Secretar\u00eda de Seguridad P\u00fablica.<\/p>\n\n\n\n<p>Los hechos sucedieron alrededor de las 18:00 horas en el paraje \u201cLa Cementera\u201d de dicho municipio, donde el a\u00f1o pasado se perpetr\u00f3 otra masacre de cinco personas.<\/p>\n\n\n\n<p>Los elementos de la Polic\u00eda Estatal ultimados\na balazos fueron identificados como M\u00e1ximo Medrano Onofre, Hildeberto de Jes\u00fas\nFlores Ib\u00e1\u00f1ez, Pedro L\u00f3pez Ram\u00edrez, Bryan de Jes\u00fas Talledo Toribio y Germ\u00e1n\nJim\u00e9nez L\u00f3pez.<\/p>\n\n\n\n<p>En tanto que uno de los lesionados fue\nreconocido como Alfonso Escobar Isidoro; hasta el momento las ambulancias de\nrescate y personal de la Agencia Estatal de Investigaciones no ha podido\nacceder al lugar de los hechos.<\/p>\n\n\n\n<p>Ni la Secretar\u00eda de Seguridad P\u00fablica\nni la Fiscal\u00eda General del Estado han precisado los datos.<\/p>\n","protected":false},"excerpt":{"rendered":"<p>Redacci\u00f3n\/Zona Roja. Oaxaca de Ju\u00e1rez, Oax., 8 de noviembre de 2019.- A cinco ascendi\u00f3 el&hellip;<\/p>\n","protected":false},"author":2,"featured_media":5568,"comment_status":"closed","ping_status":"open","sticky":false,"template":"","format":"standard","meta":{"_lmt_disableupdate":"","_lmt_disable":"","_jetpack_memberships_contains_paid_content":false,"footnotes":""},"categories":[109,51],"tags":[979],"class_list":["post-5567","post","type-post","status-publish","format-standard","has-post-thumbnail","hentry","category-minuto-a-minuto","category-zona-roja","tag-san-vicente-coatlan"],"jetpack_featured_media_url":"https:\/\/zonaroja.com.mx\/wp-content\/uploads\/2019\/11\/05ddebde-1e44-4079-9c01-9a38fa51d31a.jpg","jetpack_sharing_enabled":true,"_links":{"self":[{"href":"https:\/\/zonaroja.com.mx\/index.php?rest_route=\/wp\/v2\/posts\/5567","targetHints":{"allow":["GET"]}}],"collection":[{"href":"https:\/\/zonaroja.com.mx\/index.php?rest_route=\/wp\/v2\/posts"}],"about":[{"href":"https:\/\/zonaroja.com.mx\/index.php?rest_route=\/wp\/v2\/types\/post"}],"author":[{"embeddable":true,"href":"https:\/\/zonaroja.com.mx\/index.php?rest_route=\/wp\/v2\/users\/2"}],"replies":[{"embeddable":true,"href":"https:\/\/zonaroja.com.mx\/index.php?rest_route=%2Fwp%2Fv2%2Fcomments&post=5567"}],"version-history":[{"count":1,"href":"https:\/\/zonaroja.com.mx\/index.php?rest_route=\/wp\/v2\/posts\/5567\/revisions"}],"predecessor-version":[{"id":5569,"href":"https:\/\/zonaroja.com.mx\/index.php?rest_route=\/wp\/v2\/posts\/5567\/revisions\/5569"}],"wp:featuredmedia":[{"embeddable":true,"href":"https:\/\/zonaroja.com.mx\/index.php?rest_route=\/wp\/v2\/media\/5568"}],"wp:attachment":[{"href":"https:\/\/zonaroja.com.mx\/index.php?rest_route=%2Fwp%2Fv2%2Fmedia&parent=5567"}],"wp:term":[{"taxonomy":"category","embeddable":true,"href":"https:\/\/zonaroja.com.mx\/index.php?rest_route=%2Fwp%2Fv2%2Fcategories&post=5567"},{"taxonomy":"post_tag","embeddable":true,"href":"https:\/\/zonaroja.com.mx\/index.php?rest_route=%2Fwp%2Fv2%2Ftags&post=5567"}],"curies":[{"name":"wp","href":"https:\/\/api.w.org\/{rel}","templated":true}]}}