{"id":55679,"date":"2023-05-26T12:30:00","date_gmt":"2023-05-26T17:30:00","guid":{"rendered":"http:\/\/www.zonaroja.com.mx\/?p=55679"},"modified":"2023-05-26T07:54:45","modified_gmt":"2023-05-26T12:54:45","slug":"el-sexenio-de-lopez-obrador-ya-es-el-mas-violento-en-la-historia-de-mexico","status":"publish","type":"post","link":"https:\/\/zonaroja.com.mx\/?p=55679","title":{"rendered":"El sexenio de L\u00f3pez Obrador ya es el m\u00e1s violento en la historia de M\u00e9xico"},"content":{"rendered":"\n<p>Redacci\u00f3n\/Zona Roja Cdmx.<\/p>\n\n\n\n<p>Ciudad de M\u00e9xico, a 26 de mayo de 2023.- De diciembre de 2018 al 24 de mayo de 2023 se han registrado 156 mil 136 asesinatos en M\u00e9xico, lo que convertir\u00eda al actual sexenio en el m\u00e1s violento de la historia.<\/p>\n\n\n\n<p>De acuerdo con un an\u00e1lisis basado en cifras del Inegi, del Secretariado Ejecutivo del Sistema Nacional de Seguridad P\u00fablica y del Reporte Diario de la Secretar\u00eda de Seguridad y Protecci\u00f3n Ciudadana, en lo que va del gobierno de Andr\u00e9s Manuel L\u00f3pez Obrador ya se super\u00f3 el n\u00famero de homicidios dolosos que se registraron en el periodo de su antecesor, el cual ostentaba el r\u00e9cord.<\/p>\n\n\n\n<p>De acuerdo con el an\u00e1lisis del peri\u00f3dico \u201cEl Universal\u201d, durante la administraci\u00f3n del priista Enrique Pe\u00f1a Nieto hubo 156 mil 66 v\u00edctimas de homicidio doloso.<\/p>\n\n\n\n<p>El diario recuerda que desde el a\u00f1o pasado el gobierno de la Cuarta Transformaci\u00f3n ya hab\u00eda rebasado los 120 mil 463 asesinatos del sexenio de Felipe Calder\u00f3n, y antes los 60 mil 280 en la gesti\u00f3n del panista Vicente Fox Quesada.<\/p>\n\n\n\n<p>El an\u00e1lisis se\u00f1ala que el gobierno de AMLO acumula otros r\u00e9cords en materia de seguridad, entre ellos los a\u00f1os m\u00e1s violentos (2020, 2019, 2021 y 2022), el mayor n\u00famero de meses con m\u00e1s de 3 mil asesinatos y los d\u00edas m\u00e1s violentos de que se tenga registro, entre otros.<\/p>\n\n\n\n<p>(Informaci\u00f3n de la agencia \u201cProceso\u201d)<\/p>\n","protected":false},"excerpt":{"rendered":"<p>Redacci\u00f3n\/Zona Roja Cdmx. Ciudad de M\u00e9xico, a 26 de mayo de 2023.- De diciembre de&hellip;<\/p>\n","protected":false},"author":2,"featured_media":46037,"comment_status":"closed","ping_status":"open","sticky":false,"template":"","format":"standard","meta":{"_lmt_disableupdate":"","_lmt_disable":"","_jetpack_memberships_contains_paid_content":false,"footnotes":""},"categories":[109,47],"tags":[1746],"class_list":["post-55679","post","type-post","status-publish","format-standard","has-post-thumbnail","hentry","category-minuto-a-minuto","category-zona-gris","tag-violencia-en-mexico"],"jetpack_featured_media_url":"https:\/\/zonaroja.com.mx\/wp-content\/uploads\/2022\/09\/Violencia-en-Mexico-inseguridad-homicidios.jpeg","jetpack_sharing_enabled":true,"_links":{"self":[{"href":"https:\/\/zonaroja.com.mx\/index.php?rest_route=\/wp\/v2\/posts\/55679","targetHints":{"allow":["GET"]}}],"collection":[{"href":"https:\/\/zonaroja.com.mx\/index.php?rest_route=\/wp\/v2\/posts"}],"about":[{"href":"https:\/\/zonaroja.com.mx\/index.php?rest_route=\/wp\/v2\/types\/post"}],"author":[{"embeddable":true,"href":"https:\/\/zonaroja.com.mx\/index.php?rest_route=\/wp\/v2\/users\/2"}],"replies":[{"embeddable":true,"href":"https:\/\/zonaroja.com.mx\/index.php?rest_route=%2Fwp%2Fv2%2Fcomments&post=55679"}],"version-history":[{"count":1,"href":"https:\/\/zonaroja.com.mx\/index.php?rest_route=\/wp\/v2\/posts\/55679\/revisions"}],"predecessor-version":[{"id":55680,"href":"https:\/\/zonaroja.com.mx\/index.php?rest_route=\/wp\/v2\/posts\/55679\/revisions\/55680"}],"wp:featuredmedia":[{"embeddable":true,"href":"https:\/\/zonaroja.com.mx\/index.php?rest_route=\/wp\/v2\/media\/46037"}],"wp:attachment":[{"href":"https:\/\/zonaroja.com.mx\/index.php?rest_route=%2Fwp%2Fv2%2Fmedia&parent=55679"}],"wp:term":[{"taxonomy":"category","embeddable":true,"href":"https:\/\/zonaroja.com.mx\/index.php?rest_route=%2Fwp%2Fv2%2Fcategories&post=55679"},{"taxonomy":"post_tag","embeddable":true,"href":"https:\/\/zonaroja.com.mx\/index.php?rest_route=%2Fwp%2Fv2%2Ftags&post=55679"}],"curies":[{"name":"wp","href":"https:\/\/api.w.org\/{rel}","templated":true}]}}