{"id":55683,"date":"2023-05-26T10:30:00","date_gmt":"2023-05-26T15:30:00","guid":{"rendered":"http:\/\/www.zonaroja.com.mx\/?p=55683"},"modified":"2023-05-26T08:02:57","modified_gmt":"2023-05-26T13:02:57","slug":"oaxaca-con-poblacion-que-mas-sufre-discriminacion-en-mexico-aumento-en-2022","status":"publish","type":"post","link":"https:\/\/zonaroja.com.mx\/?p=55683","title":{"rendered":"Oaxaca, con poblaci\u00f3n que m\u00e1s sufre discriminaci\u00f3n en M\u00e9xico; aument\u00f3 en 2022"},"content":{"rendered":"\n<p>Yuridiana Sosa\/Zona Roja.<\/p>\n\n\n\n<p>Oaxaca de Ju\u00e1rez, Oax., a 26 de mayo de 2023.- Oaxaca se encuentra en los primeros lugares nacionales por actos discriminatorios entre su poblaci\u00f3n, situaci\u00f3n que aument\u00f3 en un 7.2 por ciento entre el a\u00f1o 2017 y 2022, revel\u00f3 la Encuesta Nacional sobre la Discriminaci\u00f3n 2022 (Enadis).<\/p>\n\n\n\n<p>Los resultados, presentados este jueves por el Instituto Nacional de Estad\u00edstica y Geograf\u00eda (Inegi), muestran que el 26.7 por ciento de la poblaci\u00f3n en Oaxaca- de 18 a\u00f1os y m\u00e1s- experiment\u00f3 un acto de discriminaci\u00f3n en el \u00faltimo a\u00f1o, lo que lo coloca en el s\u00e9ptimo lugar a nivel nacional.<\/p>\n\n\n\n<p>En 2017 la cifra fue de 24.9 por ciento, lo que representa un incremento en las v\u00edctimas de discriminaci\u00f3n de 7.2 por ciento. Resultados que a nivel nacional tambi\u00e9n presentaron un incremento de 17.6 por ciento, al pasar de 20.2 a 23.7 por ciento en cinco a\u00f1os.<\/p>\n\n\n\n<p>Son las mujeres uno de los sectores m\u00e1s vulnerables de los actos discriminativos en Oaxaca, pues la prevalencia de experiencias de discriminaci\u00f3n las sufri\u00f3 el 27.9 por ciento de las oaxaque\u00f1as, lo que llev\u00f3 a la entidad a ocupar el quinto lugar, por encima de la media nacional que fue de 24.5 por ciento.<\/p>\n\n\n\n<p>La discriminaci\u00f3n de los hombres en Oaxaca tambi\u00e9n se encuentra entre los primeros lugares, con un 25.2 por ciento de varones v\u00edctimas, situ\u00e1ndose en el s\u00e9ptimo lugar nacional, tambi\u00e9n por encima de la media nacional de 22.8 por ciento.<\/p>\n\n\n\n<p>Sobre la negaci\u00f3n de derechos, la poblaci\u00f3n que manifest\u00f3 que se le neg\u00f3 injustificadamente alguno de sus derechos en los \u00faltimos 5 a\u00f1os, fue de 22.2 por ciento para Oaxaca, ocupando el lugar 11 en la lista, por encima de la media nacional de 20.5 por ciento.<\/p>\n\n\n\n<p>SOBRE LA IGUALDAD<\/p>\n\n\n\n<p>Otros datos que destac\u00f3 la Enadis 2022 fueron sobre el reconocimiento de derechos y aceptaci\u00f3n de medidas para la igualdad.<\/p>\n\n\n\n<p>En ese sentido, el 52 por ciento de la poblaci\u00f3n oaxaque\u00f1a dijo estar en desacuerdo con que las parejas del mismo sexo puedan adoptar ni\u00f1as o ni\u00f1os, contra el 43.4 por ciento que estuvo de acuerdo.<\/p>\n\n\n\n<p>El 48.1 por ciento estuvo de acuerdo en que las parejas del mismo sexo puedan contraer matrimonio civil, y el 48.6 por ciento estuvo en desacuerdo.<\/p>\n\n\n\n<p>Sobre el reservar espacios de candidaturas de elecci\u00f3n popular para que sean ocupados por personas ind\u00edgenas o afromexicanas, el 75 por ciento estuvo de acuerdo y el 22.7 en desacuerdo; mientras que deban existir los mismos derechos laborales para decidir si el hombre o la mujer se queda en casa con el reci\u00e9n nacido, el 71.6 estuvo a favor y el 26.3 en desacuerdo.<\/p>\n","protected":false},"excerpt":{"rendered":"<p>Yuridiana Sosa\/Zona Roja. Oaxaca de Ju\u00e1rez, Oax., a 26 de mayo de 2023.- Oaxaca se&hellip;<\/p>\n","protected":false},"author":2,"featured_media":40620,"comment_status":"closed","ping_status":"open","sticky":false,"template":"","format":"standard","meta":{"_lmt_disableupdate":"","_lmt_disable":"","_jetpack_memberships_contains_paid_content":false,"footnotes":""},"categories":[109,47],"tags":[],"class_list":["post-55683","post","type-post","status-publish","format-standard","has-post-thumbnail","hentry","category-minuto-a-minuto","category-zona-gris"],"jetpack_featured_media_url":"https:\/\/zonaroja.com.mx\/wp-content\/uploads\/2022\/04\/img_5766.jpg","jetpack_sharing_enabled":true,"_links":{"self":[{"href":"https:\/\/zonaroja.com.mx\/index.php?rest_route=\/wp\/v2\/posts\/55683","targetHints":{"allow":["GET"]}}],"collection":[{"href":"https:\/\/zonaroja.com.mx\/index.php?rest_route=\/wp\/v2\/posts"}],"about":[{"href":"https:\/\/zonaroja.com.mx\/index.php?rest_route=\/wp\/v2\/types\/post"}],"author":[{"embeddable":true,"href":"https:\/\/zonaroja.com.mx\/index.php?rest_route=\/wp\/v2\/users\/2"}],"replies":[{"embeddable":true,"href":"https:\/\/zonaroja.com.mx\/index.php?rest_route=%2Fwp%2Fv2%2Fcomments&post=55683"}],"version-history":[{"count":1,"href":"https:\/\/zonaroja.com.mx\/index.php?rest_route=\/wp\/v2\/posts\/55683\/revisions"}],"predecessor-version":[{"id":55684,"href":"https:\/\/zonaroja.com.mx\/index.php?rest_route=\/wp\/v2\/posts\/55683\/revisions\/55684"}],"wp:featuredmedia":[{"embeddable":true,"href":"https:\/\/zonaroja.com.mx\/index.php?rest_route=\/wp\/v2\/media\/40620"}],"wp:attachment":[{"href":"https:\/\/zonaroja.com.mx\/index.php?rest_route=%2Fwp%2Fv2%2Fmedia&parent=55683"}],"wp:term":[{"taxonomy":"category","embeddable":true,"href":"https:\/\/zonaroja.com.mx\/index.php?rest_route=%2Fwp%2Fv2%2Fcategories&post=55683"},{"taxonomy":"post_tag","embeddable":true,"href":"https:\/\/zonaroja.com.mx\/index.php?rest_route=%2Fwp%2Fv2%2Ftags&post=55683"}],"curies":[{"name":"wp","href":"https:\/\/api.w.org\/{rel}","templated":true}]}}