{"id":55685,"date":"2023-05-26T08:50:47","date_gmt":"2023-05-26T13:50:47","guid":{"rendered":"http:\/\/www.zonaroja.com.mx\/?p=55685"},"modified":"2023-05-26T08:50:49","modified_gmt":"2023-05-26T13:50:49","slug":"titular-de-la-sep-abandona-mesa-de-negociacion-con-la-seccion-22-del-snte","status":"publish","type":"post","link":"https:\/\/zonaroja.com.mx\/?p=55685","title":{"rendered":"Titular de la SEP abandona mesa de negociaci\u00f3n con la Secci\u00f3n 22 del SNTE"},"content":{"rendered":"\n<p>Ismael Garc\u00eda M.\/Zona Roja.<\/p>\n\n\n\n<p>Oaxaca de Ju\u00e1rez, Oax., a 26 de mayo de 2023.- La titular de la Secretar\u00eda de Educaci\u00f3n P\u00fablica (SEP), Leticia Ram\u00edrez Amaya, abandon\u00f3 anoche la reuni\u00f3n de trabajo con la Secci\u00f3n 22 del SNTE y el gobernador Salom\u00f3n Jara Cruz.<\/p>\n\n\n\n<p>Ello irrit\u00f3 a la Comisi\u00f3n Pol\u00edtica de la gremial, que denunci\u00f3 desinter\u00e9s y poca capacidad pol\u00edtica de la funcionaria del gobierno de Andr\u00e9s Manuel L\u00f3pez Obrador, por lo que rompi\u00f3 la mesa de di\u00e1logo, efectuada ayer en la sede de la instituci\u00f3n, en la Ciudad de M\u00e9xico.<\/p>\n\n\n\n<p>\u201cHemos acudido, por mandato de las bases, a esta mesas tripartita, para atender las demandas torales de los m\u00e1s de 80 mil maestras y maestros activos. Pero as\u00ed tambi\u00e9n nos pronunciamos en contra de la capacidad pol\u00edtica de la maestra Leticia Ram\u00edrez Anaya, secretaria de Educaci\u00f3n P\u00fablica.<\/p>\n\n\n\n<p>\u201cPues hoy muestra que dista mucho un discurso demag\u00f3gico, un discurso en el que se plantea el di\u00e1logo y la atenci\u00f3n de las demandas del magisterio oaxaque\u00f1o, y que en los hechos realmente deja mucho que desear.<\/p>\n\n\n\n<p>\u201cHoy (ayer) en esta mesa mostr\u00f3 esa capacidad pol\u00edtica negativa para atender los temas torales de nuestro movimiento. Por ello nos pronunciamos en contra de su actitud y de la escasa capacidad para el di\u00e1logo\u201d, dijo anoche la dirigente magisterial, Yenny Aracely P\u00e9rez Mart\u00ednez.<\/p>\n\n\n\n<p>ABANDONA REUNI\u00d3N<\/p>\n\n\n\n<p>Y es que ayer por la tarde se efectu\u00f3 la mesa de trabajo en la sede de la SEP, en la colonia Del Valle de la capital del pa\u00eds, donde se logr\u00f3 el pago de becas a j\u00f3venes estudiantes de la UPN que laboran en comunidades y se ratific\u00f3 la intenci\u00f3n federal de remover de la SEP el \u00e1rea de educaci\u00f3n ind\u00edgena.<\/p>\n\n\n\n<figure class=\"wp-block-embed is-type-rich is-provider-twitter wp-block-embed-twitter\"><div class=\"wp-block-embed__wrapper\">\n<div class=\"twitter-tweet\"><blockquote class=\"twitter-tweet\" data-lang=\"es\"><p lang=\"es\" dir=\"ltr\">As\u00ed reproch\u00f3 esta noche la dirigente de la Secci\u00f3n 22 del SNTE, Yenny Aracely P\u00e9rez, la nula disposici\u00f3n de la titular de la <a href=\"https:\/\/twitter.com\/SEP_mx?ref_src=twsrc%5Etfw\">@SEP_mx<\/a>, Leticia Ram\u00edrez Anaya, y su poca capacidad para atender las demandas del magisterio. <br>El \u201cplant\u00f3n\u201d de docentes sigue en la Ciudad de M\u00e9xico. <a href=\"https:\/\/t.co\/43rtNReRD8\">pic.twitter.com\/43rtNReRD8<\/a><\/p>&mdash; Zona Roja Oaxaca (@ZonaRoja_Oaxaca) <a href=\"https:\/\/twitter.com\/ZonaRoja_Oaxaca\/status\/1661950105832902656?ref_src=twsrc%5Etfw\">26 de mayo de 2023<\/a><\/blockquote><\/div>\n<\/div><\/figure>\n\n\n\n<p>Sin embargo, Leticia Ram\u00edrez se sali\u00f3 de la reuni\u00f3n sin escuchar las dem\u00e1s demandas del magisterio, lo que irrit\u00f3 a la Comisi\u00f3n Pol\u00edtica, que abandon\u00f3 el encuentro y efectu\u00f3 un mitin en el exterior de la instituci\u00f3n, donde ya protestaba un grupo representativo de maestros.<\/p>\n\n\n\n<p>La titular de la SEP dej\u00f3 en su representaci\u00f3n a la directora general de Gesti\u00f3n Sectorial y Enlace Interinstitucional, Dolores Padierna, lo que fue visto por la secci\u00f3n 22 como \u201cuna groser\u00eda y falta de respeto\u201d, por lo que en ese momento dos maestros que eran parte de la comisi\u00f3n que estaba dentro de las oficinas salieron a informar a los maestros que permanec\u00edan sobre avenida Universidad que \u201cno permitir\u00e1 m\u00e1s los trabajos con la secretaria\u201d.<\/p>\n\n\n\n<p>M\u00c1S MOVILIZACIONES<\/p>\n\n\n\n<p>En tanto, ayer se difundieron los acuerdos de la Asamblea Estatal Permanente de la Secci\u00f3n 22, efectuada el pasado s\u00e1bado, en que se acord\u00f3 organizar una conferencia de prensa para manifestar que la gremial no es aliada del Gobernador del Estado de Oaxaca, Salom\u00f3n Jara Cruz.<\/p>\n\n\n\n<p>Asimismo, exigir al mandatario oaxaque\u00f1o que presente las pruebas que sustenten las acusaciones que emiti\u00f3 el pasado 22 de mayo en su conferencia de prensa, acerca de la corrupci\u00f3n en la Secci\u00f3n 22 del SNTE, y le reproch\u00f3 por inmiscuirse en asuntos internos de la gremial.<\/p>\n\n\n\n<p>La pr\u00f3xima sesi\u00f3n de la Asamblea Estatal Permanente es ma\u00f1ana s\u00e1bado, en la que confirmar\u00e1n el inicio del paro de labores de 72 horas, a partir del pr\u00f3ximo lunes.<\/p>\n\n\n\n<figure class=\"wp-block-embed is-type-rich is-provider-twitter wp-block-embed-twitter\"><div class=\"wp-block-embed__wrapper\">\n<div class=\"twitter-tweet\"><blockquote class=\"twitter-tweet\" data-lang=\"es\"><p lang=\"es\" dir=\"ltr\"><a href=\"https:\/\/twitter.com\/hashtag\/%C3%9AltimoMinuto?src=hash&amp;ref_src=twsrc%5Etfw\">#\u00daltimoMinuto<\/a><br>Se rompe la mesa de di\u00e1logo de la Secci\u00f3n 22 del SNTE con la SEP, y los maestros oaxaque\u00f1os comienzan a bloquear calles en la Ciudad de M\u00e9xico. <a href=\"https:\/\/t.co\/1wW92ES31h\">pic.twitter.com\/1wW92ES31h<\/a><\/p>&mdash; Zona Roja Oaxaca (@ZonaRoja_Oaxaca) <a href=\"https:\/\/twitter.com\/ZonaRoja_Oaxaca\/status\/1661907476500058112?ref_src=twsrc%5Etfw\">26 de mayo de 2023<\/a><\/blockquote><\/div>\n<\/div><\/figure>\n","protected":false},"excerpt":{"rendered":"<p>Ismael Garc\u00eda M.\/Zona Roja. Oaxaca de Ju\u00e1rez, Oax., a 26 de mayo de 2023.- La&hellip;<\/p>\n","protected":false},"author":2,"featured_media":55686,"comment_status":"closed","ping_status":"open","sticky":false,"template":"","format":"standard","meta":{"_lmt_disableupdate":"","_lmt_disable":"","_jetpack_memberships_contains_paid_content":false,"footnotes":""},"categories":[1],"tags":[],"class_list":["post-55685","post","type-post","status-publish","format-standard","has-post-thumbnail","hentry","category-sin-categoria"],"jetpack_featured_media_url":"https:\/\/zonaroja.com.mx\/wp-content\/uploads\/2023\/05\/Protesta-Seccion-22-Cdmx.jpeg","jetpack_sharing_enabled":true,"_links":{"self":[{"href":"https:\/\/zonaroja.com.mx\/index.php?rest_route=\/wp\/v2\/posts\/55685","targetHints":{"allow":["GET"]}}],"collection":[{"href":"https:\/\/zonaroja.com.mx\/index.php?rest_route=\/wp\/v2\/posts"}],"about":[{"href":"https:\/\/zonaroja.com.mx\/index.php?rest_route=\/wp\/v2\/types\/post"}],"author":[{"embeddable":true,"href":"https:\/\/zonaroja.com.mx\/index.php?rest_route=\/wp\/v2\/users\/2"}],"replies":[{"embeddable":true,"href":"https:\/\/zonaroja.com.mx\/index.php?rest_route=%2Fwp%2Fv2%2Fcomments&post=55685"}],"version-history":[{"count":1,"href":"https:\/\/zonaroja.com.mx\/index.php?rest_route=\/wp\/v2\/posts\/55685\/revisions"}],"predecessor-version":[{"id":55687,"href":"https:\/\/zonaroja.com.mx\/index.php?rest_route=\/wp\/v2\/posts\/55685\/revisions\/55687"}],"wp:featuredmedia":[{"embeddable":true,"href":"https:\/\/zonaroja.com.mx\/index.php?rest_route=\/wp\/v2\/media\/55686"}],"wp:attachment":[{"href":"https:\/\/zonaroja.com.mx\/index.php?rest_route=%2Fwp%2Fv2%2Fmedia&parent=55685"}],"wp:term":[{"taxonomy":"category","embeddable":true,"href":"https:\/\/zonaroja.com.mx\/index.php?rest_route=%2Fwp%2Fv2%2Fcategories&post=55685"},{"taxonomy":"post_tag","embeddable":true,"href":"https:\/\/zonaroja.com.mx\/index.php?rest_route=%2Fwp%2Fv2%2Ftags&post=55685"}],"curies":[{"name":"wp","href":"https:\/\/api.w.org\/{rel}","templated":true}]}}