{"id":55688,"date":"2023-05-26T10:51:00","date_gmt":"2023-05-26T15:51:00","guid":{"rendered":"http:\/\/www.zonaroja.com.mx\/?p=55688"},"modified":"2023-05-26T09:00:57","modified_gmt":"2023-05-26T14:00:57","slug":"comunidades-de-textitlan-denuncian-amenazas-de-desalojo-violento","status":"publish","type":"post","link":"https:\/\/zonaroja.com.mx\/?p=55688","title":{"rendered":"Comunidades de Textitl\u00e1n denuncian amenazas de desalojo violento"},"content":{"rendered":"\n<p>Ismael Garc\u00eda M.\/Zona Roja.<\/p>\n\n\n\n<p>Oaxaca de Ju\u00e1rez, Oax., a 26 de mayo de 2023.- Las localidades Recibimiento Cuauht\u00e9moc y Lachix\u00edo, de Santiago Textitl\u00e1n, denunciaron amenazas de desalojo violento por parte de sus vecinos de Santo Domingo Teojomulco.<\/p>\n\n\n\n<p>En un comunicado, alertaron al Gobierno del Estado de Oaxaca, al Gobierno de la Rep\u00fablica y a la Defensor\u00eda de los Derechos Humanos del Pueblo de Oaxaca para que intervengan a la brevedad y eviten agresiones.<\/p>\n\n\n\n<p>\u201cQueremos expresar nuestra profunda preocupaci\u00f3n ante el ultim\u00e1tum realizado de manera escrita y verbal por las autoridades municipales de Santo Domingo Teojomulco y el Representante de Bienes Comunales de dicho poblado y los alcaldes de dicho municipio , quienes nos dieron como plazo el 31 de mayo de 2023, para entregarles la l\u00ednea divisoria para fijar las mojoneras con dicho poblado.<\/p>\n\n\n\n<p>\u201cEs decir, nos pretenden quitar por la fuerza y a trav\u00e9s de la amenaza nuestro territorio, en caso de negarnos nos cerraran el paso de la \u00fanica carretera que nos conduce a la ciudad de Oaxaca, a la altura del paraje \u2018El Polvor\u00edn\u2019, por lo que, si se llegar\u00e9 a concretar dicha amenaza, quedaremos incomunicados, lo que implica diversas violaciones a nuestros derechos humanos como comunidades ind\u00edgenas\u201d, expusieron en una carta dirigida a las autoridades.<\/p>\n\n\n\n<p>Reiteraron que ambas comunidades pertenecen al n\u00facleo agrario denominado Santiago Textitl\u00e1n y en ninguna parte colindan con el poblado de Santo Domingo Teojomulco.<\/p>\n\n\n\n<p>\u201cSin embargo, el pueblo de Santo Domingo Teojomulco nos quiere despojar de nuestro territorio con amenazas y violencia en la parte donde colindamos con el poblado de San Pedro el Alto, aunado a que nuestras comunidades se ubican cerca de dichos l\u00edmites\u201d.<\/p>\n\n\n\n<p>Se\u00f1alaron adem\u00e1s la omisi\u00f3n en incapacidad del gobierno, por lo cual demandaron la intervenci\u00f3n del Presidente de la Rep\u00fablica, Andr\u00e9s Manuel L\u00f3pez Obrador, para que atienda est\u00e1 problem\u00e1tica y se evite violaciones a los derechos humanos, sobre todo que no se ponga en riesgo la vida, libertad y transito de los habitantes.<\/p>\n\n\n\n<p>\u201cAnte la omisi\u00f3n e incapacidad del Gobierno del Estado de Oaxaca de garantizar la paz, la seguridad, la vida, la integridad, nuestro derecho al libre tr\u00e1nsito, el respecto de nuestro territorio y a nuestros derechos humanos individuales y colectivos, lo responsabilizamos de lo que le llegue a suceder a nuestra poblaci\u00f3n,<\/p>\n\n\n\n<p>\u201cYa que de manera oportuna y mediante escrito le hemos avisado de dicha problem\u00e1tica y hemos solicitado su intervenci\u00f3n, sin embargo, hasta el d\u00eda de hoy no han realizado las acciones contundentes ni eficaces para garantizar la paz y la seguridad de nuestra poblaci\u00f3n, pues ni siquiera se ha garantizado la presencia de las corporaciones policiacas a pesar de informarles de la presencia de personas de dicho pueblo con armas de fuego de grueso calibre\u201d, se\u00f1alaron.<\/p>\n","protected":false},"excerpt":{"rendered":"<p>Ismael Garc\u00eda M.\/Zona Roja. Oaxaca de Ju\u00e1rez, Oax., a 26 de mayo de 2023.- Las&hellip;<\/p>\n","protected":false},"author":2,"featured_media":20337,"comment_status":"closed","ping_status":"open","sticky":false,"template":"","format":"standard","meta":{"_lmt_disableupdate":"","_lmt_disable":"","_jetpack_memberships_contains_paid_content":false,"footnotes":""},"categories":[109,47],"tags":[1980],"class_list":["post-55688","post","type-post","status-publish","format-standard","has-post-thumbnail","hentry","category-minuto-a-minuto","category-zona-gris","tag-santiago-textitlan"],"jetpack_featured_media_url":"https:\/\/zonaroja.com.mx\/wp-content\/uploads\/2020\/11\/Santiago-Textitlan.jpg","jetpack_sharing_enabled":true,"_links":{"self":[{"href":"https:\/\/zonaroja.com.mx\/index.php?rest_route=\/wp\/v2\/posts\/55688","targetHints":{"allow":["GET"]}}],"collection":[{"href":"https:\/\/zonaroja.com.mx\/index.php?rest_route=\/wp\/v2\/posts"}],"about":[{"href":"https:\/\/zonaroja.com.mx\/index.php?rest_route=\/wp\/v2\/types\/post"}],"author":[{"embeddable":true,"href":"https:\/\/zonaroja.com.mx\/index.php?rest_route=\/wp\/v2\/users\/2"}],"replies":[{"embeddable":true,"href":"https:\/\/zonaroja.com.mx\/index.php?rest_route=%2Fwp%2Fv2%2Fcomments&post=55688"}],"version-history":[{"count":1,"href":"https:\/\/zonaroja.com.mx\/index.php?rest_route=\/wp\/v2\/posts\/55688\/revisions"}],"predecessor-version":[{"id":55689,"href":"https:\/\/zonaroja.com.mx\/index.php?rest_route=\/wp\/v2\/posts\/55688\/revisions\/55689"}],"wp:featuredmedia":[{"embeddable":true,"href":"https:\/\/zonaroja.com.mx\/index.php?rest_route=\/wp\/v2\/media\/20337"}],"wp:attachment":[{"href":"https:\/\/zonaroja.com.mx\/index.php?rest_route=%2Fwp%2Fv2%2Fmedia&parent=55688"}],"wp:term":[{"taxonomy":"category","embeddable":true,"href":"https:\/\/zonaroja.com.mx\/index.php?rest_route=%2Fwp%2Fv2%2Fcategories&post=55688"},{"taxonomy":"post_tag","embeddable":true,"href":"https:\/\/zonaroja.com.mx\/index.php?rest_route=%2Fwp%2Fv2%2Ftags&post=55688"}],"curies":[{"name":"wp","href":"https:\/\/api.w.org\/{rel}","templated":true}]}}