{"id":55694,"date":"2023-05-26T15:08:31","date_gmt":"2023-05-26T20:08:31","guid":{"rendered":"http:\/\/www.zonaroja.com.mx\/?p=55694"},"modified":"2023-05-26T22:28:30","modified_gmt":"2023-05-27T03:28:30","slug":"condena-dirigente-de-la-seccion-22-violencia-contra-normalistas-paro-de-72-horas-va","status":"publish","type":"post","link":"https:\/\/zonaroja.com.mx\/?p=55694","title":{"rendered":"Condena dirigente de la Secci\u00f3n 22 violencia contra normalistas; paro de 72 horas va"},"content":{"rendered":"\n<p>Yuridiana Sosa\/Zona Roja.&nbsp;<\/p>\n\n\n\n<p>Oaxaca de Ju\u00e1rez, Oax., a 26 de mayo de 2023.- La Secci\u00f3n 22 del Sindicato Nacional de Trabajadores de la Educaci\u00f3n (SNTE) mantiene vigente iniciar un paro de labores de 72 horas, ante la dilaci\u00f3n del gobierno federal a sus principales demandas, se\u00f1al\u00f3 la dirigente estatal Yenny Aracely P\u00e9rez Mart\u00ednez.<\/p>\n\n\n\n<p>La fecha del paro se definir\u00e1 en las pr\u00f3ximas horas por las bases, como una escalada en las medidas de presi\u00f3n que realizan en su jornada de lucha, por lo que tampoco descartan la posibilidad de estallar un paro indefinido si no hay avances importantes en las mesas de di\u00e1logo que llevan a cabo con los gobiernos estatal y federal; todo ello a menos de dos meses de que finalice el ciclo escolar.<\/p>\n\n\n\n<p>En entrevista, P\u00e9rez Mart\u00ednez apunt\u00f3 que, aunque ayer se logr\u00f3 en la Ciudad de M\u00e9xico avanzar sobre la demanda del pago atrasado por seis meses a los becarios, la Secci\u00f3n 22 repruebe la actitud de la titular de la Secretar\u00eda de Educaci\u00f3n P\u00fablica (SEP), Leticia Ram\u00edrez, por negarse a la negociaci\u00f3n y retirarse de la mesa el d\u00eda de ayer. <\/p>\n\n\n\n<p>Las demandas centrales, dijo, son la abrogaci\u00f3n de la reforma educativa y de la ley del ISSSTE de 2007, mismas que han transgredido sus derechos.<\/p>\n\n\n\n<p>Entre otras acciones de protesta que la gremial tiene consideradas y en an\u00e1lisis, de no haber avances para julio, se encuentra el boicot a las fiestas oficiales de la Guelaguetza 2023.<\/p>\n\n\n\n<figure class=\"wp-block-embed is-type-rich is-provider-twitter wp-block-embed-twitter\"><div class=\"wp-block-embed__wrapper\">\n<div class=\"twitter-tweet\"><blockquote class=\"twitter-tweet\" data-lang=\"es\"><p lang=\"es\" dir=\"ltr\"><a href=\"https:\/\/twitter.com\/hashtag\/%C3%9AltimoMinuto?src=hash&amp;ref_src=twsrc%5Etfw\">#\u00daltimoMinuto<\/a> <br>El paro de labores de 72 horas va; falta definir fechas; se valorar\u00e1 paro indefinido; la Secci\u00f3n 22 reprueban actitud de la titular de la SEP de abandonar la reuni\u00f3n de ayer; brinda todo su respaldo a los normalistas y critica uso de la fuerza por parte del\u2026 <a href=\"https:\/\/t.co\/Fs9m0qprhS\">pic.twitter.com\/Fs9m0qprhS<\/a><\/p>&mdash; Zona Roja Oaxaca (@ZonaRoja_Oaxaca) <a href=\"https:\/\/twitter.com\/ZonaRoja_Oaxaca\/status\/1662162508084559874?ref_src=twsrc%5Etfw\">26 de mayo de 2023<\/a><\/blockquote><\/div>\n<\/div><\/figure>\n\n\n\n<p>APOYO A NORMALISTAS<\/p>\n\n\n\n<p>Sobre el uso de la fuerza p\u00fablica a la que el gobierno estatal de Salom\u00f3n Jara ha recurrido para controlar las protestas de los estudiantes normalistas, la dirigente de la Secci\u00f3n 22 del SNTE conden\u00f3 esas medidas y reiter\u00f3 su respaldo al movimiento normalista.<\/p>\n\n\n\n<p>Apunt\u00f3 que es reprobable toda acci\u00f3n de represi\u00f3n contra las protestas, desde las que surgen por parte del magisterio, normalistas, como de organizaciones sociales.<\/p>\n\n\n\n<p>Esto lo recalc\u00f3 tras la publicaci\u00f3n de un reciente video en el que se aprecia que la Polic\u00eda Estatal realiz\u00f3 disparos al interior de un cami\u00f3n urbano para desalojar a los normalistas que pretend\u00edan \u201csecuestrar\u201d la unidad.<\/p>\n\n\n\n<p>OTRAS ACCIONES<\/p>\n\n\n\n<p>La l\u00edder de la Secci\u00f3n 22 del SNTE manifest\u00f3 que la jornada de lucha que ahora llevan a cabo obedece a una desatenci\u00f3n a las demandas magisteriales propiciadas desde la propia dirigencia de comit\u00e9 anterior encabezado por Eloy L\u00f3pez Hern\u00e1ndez, qui\u00e9n se \u201centreg\u00f3\u201d al gobierno.<\/p>\n\n\n\n<p>Por ello la necesidad de las bases de este a\u00f1o volver a las calles para exigir el respeto a sus derechos laborales y magisteriales, por lo que piden a los padres de familia y sociedad entender su lucha.<\/p>\n\n\n\n<p>El Congreso magisterial tambi\u00e9n ha definido la integraci\u00f3n de una comisi\u00f3n de Honor y Justicia para investigar los actos del anterior comit\u00e9 ejecutivo, as\u00ed como realizar una auditor\u00eda. <\/p>\n\n\n\n<figure class=\"wp-block-embed is-type-rich is-provider-twitter wp-block-embed-twitter\"><div class=\"wp-block-embed__wrapper\">\n<div class=\"twitter-tweet\"><blockquote class=\"twitter-tweet\" data-lang=\"es\"><p lang=\"es\" dir=\"ltr\">Con armas largas y con un disparo en el piso, as\u00ed desalojaron elementos de la Polic\u00eda Estatal de Oaxaca a los normalistas del interior de un cami\u00f3n urbano, la noche del martes, en que supuestamente los estudiantes del CRENO vandalizaron y robaron en el almac\u00e9n del <a href=\"https:\/\/twitter.com\/IEEPOGobOax?ref_src=twsrc%5Etfw\">@IEEPOGobOax<\/a>. <a href=\"https:\/\/t.co\/yES90lCuUz\">pic.twitter.com\/yES90lCuUz<\/a><\/p>&mdash; Zona Roja Oaxaca (@ZonaRoja_Oaxaca) <a href=\"https:\/\/twitter.com\/ZonaRoja_Oaxaca\/status\/1662100349920870401?ref_src=twsrc%5Etfw\">26 de mayo de 2023<\/a><\/blockquote><\/div>\n<\/div><\/figure>\n","protected":false},"excerpt":{"rendered":"<p>Yuridiana Sosa\/Zona Roja.&nbsp; Oaxaca de Ju\u00e1rez, Oax., a 26 de mayo de 2023.- La Secci\u00f3n&hellip;<\/p>\n","protected":false},"author":2,"featured_media":55711,"comment_status":"closed","ping_status":"open","sticky":false,"template":"","format":"standard","meta":{"_lmt_disableupdate":"","_lmt_disable":"","_jetpack_memberships_contains_paid_content":false,"footnotes":""},"categories":[109,46],"tags":[312],"class_list":["post-55694","post","type-post","status-publish","format-standard","has-post-thumbnail","hentry","category-minuto-a-minuto","category-zona-blanca","tag-seccion-22-del-snte"],"jetpack_featured_media_url":"https:\/\/zonaroja.com.mx\/wp-content\/uploads\/2023\/05\/Yenny-Aracely-Perez-Martinez-Seccion-22.jpg","jetpack_sharing_enabled":true,"_links":{"self":[{"href":"https:\/\/zonaroja.com.mx\/index.php?rest_route=\/wp\/v2\/posts\/55694","targetHints":{"allow":["GET"]}}],"collection":[{"href":"https:\/\/zonaroja.com.mx\/index.php?rest_route=\/wp\/v2\/posts"}],"about":[{"href":"https:\/\/zonaroja.com.mx\/index.php?rest_route=\/wp\/v2\/types\/post"}],"author":[{"embeddable":true,"href":"https:\/\/zonaroja.com.mx\/index.php?rest_route=\/wp\/v2\/users\/2"}],"replies":[{"embeddable":true,"href":"https:\/\/zonaroja.com.mx\/index.php?rest_route=%2Fwp%2Fv2%2Fcomments&post=55694"}],"version-history":[{"count":2,"href":"https:\/\/zonaroja.com.mx\/index.php?rest_route=\/wp\/v2\/posts\/55694\/revisions"}],"predecessor-version":[{"id":55716,"href":"https:\/\/zonaroja.com.mx\/index.php?rest_route=\/wp\/v2\/posts\/55694\/revisions\/55716"}],"wp:featuredmedia":[{"embeddable":true,"href":"https:\/\/zonaroja.com.mx\/index.php?rest_route=\/wp\/v2\/media\/55711"}],"wp:attachment":[{"href":"https:\/\/zonaroja.com.mx\/index.php?rest_route=%2Fwp%2Fv2%2Fmedia&parent=55694"}],"wp:term":[{"taxonomy":"category","embeddable":true,"href":"https:\/\/zonaroja.com.mx\/index.php?rest_route=%2Fwp%2Fv2%2Fcategories&post=55694"},{"taxonomy":"post_tag","embeddable":true,"href":"https:\/\/zonaroja.com.mx\/index.php?rest_route=%2Fwp%2Fv2%2Ftags&post=55694"}],"curies":[{"name":"wp","href":"https:\/\/api.w.org\/{rel}","templated":true}]}}