{"id":55700,"date":"2023-05-26T16:55:14","date_gmt":"2023-05-26T21:55:14","guid":{"rendered":"http:\/\/www.zonaroja.com.mx\/?p=55700"},"modified":"2023-05-26T22:27:09","modified_gmt":"2023-05-27T03:27:09","slug":"alarma-en-mexico-por-otro-brote-de-meningitis-ahora-en-tamaulipas","status":"publish","type":"post","link":"https:\/\/zonaroja.com.mx\/?p=55700","title":{"rendered":"Alarma en M\u00e9xico por otro brote de meningitis, ahora en Tamaulipas"},"content":{"rendered":"\n<p>Redacci\u00f3n\/Zona Roja.<\/p>\n\n\n\n<p>Ciudad de M\u00e9xico, a 26 de mayo de 2023.- Por un brote de meningitis ha dejado al menos dos muerto en el estado de Tamaulipas, M\u00e9xico, frontera con EE.UU.<\/p>\n\n\n\n<p>Las autoridades de ambos pa\u00edses, apuntan a un anest\u00e9sico contaminado utilizado en dos cl\u00ednicas privadas de la ciudad de Matamoros.<\/p>\n\n\n\n<p>Andr\u00e9s Manuel Lopez Obrador, Presidente de M\u00e9xico, dijo; \u00abUn medicamento utilizado como anestesia para cirug\u00edas pl\u00e1sticas que se contamin\u00f3 pudo ser la causa del brote\u201d y a\u00f1adi\u00f3 que los centros donde se dio el supuesto brote son privados y en ellos existe una reglamentaci\u00f3n, pero no se cumple en todos los casos.<\/p>\n\n\n\n<p>Los Centros para el Control y Prevenci\u00f3n de Enfermedades de Estados Unidos (CDC) difundieron este pasado mi\u00e9rcoles un reporte donde especificaron que 224 personas podr\u00edan haberse visto expuestas al hongo.<\/p>\n\n\n\n<p>En el reporte aclara que 206 no presentan s\u00edntomas, nueve son casos sospechosos y otros nueve, probables. Adem\u00e1s, especifica que \u00ablos dos pacientes fallecidos fueron clasificados como casos probables.<\/p>\n\n\n\n<p>Cabe recordar que para febrero de este a\u00f1o, la polic\u00eda mexicana detuvo a un m\u00e9dico y a dos personas implicadas en la propagaci\u00f3n de un misterioso brote de meningitis en el estado Durango, tambi\u00e9n en el norte del pa\u00eds, que dej\u00f3 al menos 35 personas fallecidas.<br>(Informaci\u00f3n de \u201cDiario Nacional\u201d).<\/p>\n","protected":false},"excerpt":{"rendered":"<p>Redacci\u00f3n\/Zona Roja. Ciudad de M\u00e9xico, a 26 de mayo de 2023.- Por un brote de&hellip;<\/p>\n","protected":false},"author":2,"featured_media":55710,"comment_status":"closed","ping_status":"open","sticky":false,"template":"","format":"standard","meta":{"_lmt_disableupdate":"","_lmt_disable":"","_jetpack_memberships_contains_paid_content":false,"footnotes":""},"categories":[109,47],"tags":[3559],"class_list":["post-55700","post","type-post","status-publish","format-standard","has-post-thumbnail","hentry","category-minuto-a-minuto","category-zona-gris","tag-meningitis-tamaulipas"],"jetpack_featured_media_url":"https:\/\/zonaroja.com.mx\/wp-content\/uploads\/2023\/05\/Meningitus-Tamaulipas-2.jpg","jetpack_sharing_enabled":true,"_links":{"self":[{"href":"https:\/\/zonaroja.com.mx\/index.php?rest_route=\/wp\/v2\/posts\/55700","targetHints":{"allow":["GET"]}}],"collection":[{"href":"https:\/\/zonaroja.com.mx\/index.php?rest_route=\/wp\/v2\/posts"}],"about":[{"href":"https:\/\/zonaroja.com.mx\/index.php?rest_route=\/wp\/v2\/types\/post"}],"author":[{"embeddable":true,"href":"https:\/\/zonaroja.com.mx\/index.php?rest_route=\/wp\/v2\/users\/2"}],"replies":[{"embeddable":true,"href":"https:\/\/zonaroja.com.mx\/index.php?rest_route=%2Fwp%2Fv2%2Fcomments&post=55700"}],"version-history":[{"count":2,"href":"https:\/\/zonaroja.com.mx\/index.php?rest_route=\/wp\/v2\/posts\/55700\/revisions"}],"predecessor-version":[{"id":55715,"href":"https:\/\/zonaroja.com.mx\/index.php?rest_route=\/wp\/v2\/posts\/55700\/revisions\/55715"}],"wp:featuredmedia":[{"embeddable":true,"href":"https:\/\/zonaroja.com.mx\/index.php?rest_route=\/wp\/v2\/media\/55710"}],"wp:attachment":[{"href":"https:\/\/zonaroja.com.mx\/index.php?rest_route=%2Fwp%2Fv2%2Fmedia&parent=55700"}],"wp:term":[{"taxonomy":"category","embeddable":true,"href":"https:\/\/zonaroja.com.mx\/index.php?rest_route=%2Fwp%2Fv2%2Fcategories&post=55700"},{"taxonomy":"post_tag","embeddable":true,"href":"https:\/\/zonaroja.com.mx\/index.php?rest_route=%2Fwp%2Fv2%2Ftags&post=55700"}],"curies":[{"name":"wp","href":"https:\/\/api.w.org\/{rel}","templated":true}]}}