{"id":55705,"date":"2023-05-26T21:00:41","date_gmt":"2023-05-27T02:00:41","guid":{"rendered":"http:\/\/www.zonaroja.com.mx\/?p=55705"},"modified":"2023-05-26T21:00:46","modified_gmt":"2023-05-27T02:00:46","slug":"viernes-violento-un-asesinado-en-juxtlahuaca-y-un-lesionado-de-bala-en-juchitan","status":"publish","type":"post","link":"https:\/\/zonaroja.com.mx\/?p=55705","title":{"rendered":"Viernes violento: un asesinado en Juxtlahuaca y un lesionado de bala en Juchit\u00e1n"},"content":{"rendered":"\n<p>Redacci\u00f3n\/Zona Roja.<\/p>\n\n\n\n<p>Oaxaca de Ju\u00e1rez, Oax., a 26 de mayo de 2023.- Una persona del sexo masculino fue asesinada a balazos este viernes, en Santiago Juxtlahuaca, municipio de la regi\u00f3n Mixteca de Oaxaca.<\/p>\n\n\n\n<p>La agresi\u00f3n armada ocurri\u00f3 en la calle Benito Ju\u00e1rez, a donde arribaron elementos de la polic\u00eda municipal, pero el atacante ya hab\u00eda huido.<\/p>\n\n\n\n<p>Param\u00e9dicos arribaron para brindarle los primeros auxilios y lo trasladaron al hospital del Instituto Mexicano del Seguro Social, donde horas m\u00e1s tarde perdi\u00f3 la vida por la gravedad de las heridas.<\/p>\n\n\n\n<p>La v\u00edctima fue identificada como Gerardo G. J., de aproximadamente 46 a\u00f1os de edad, quien viv\u00eda en el mismo municipio. Personal de la Vicefiscal\u00eda Regional de la Mixteca inici\u00f3 las indagatorias correspondientes.<\/p>\n\n\n\n<p>EN JUCHIT\u00c1N<\/p>\n\n\n\n<p>Por otra parte, en Juchit\u00e1n de Zaragoza, un hombre fue atacado a balazos, en la colonia 123.<\/p>\n\n\n\n<p>A su arribo al lugar los elementos policiacos informaron que en el sitio pudieron observar que sobre un camino de terracer\u00eda se encontraba el cuerpo de una persona del sexo masculino, sangrando y con lesiones producidas por impacto de arma de fuego.<\/p>\n\n\n\n<p>Derivado de este hecho, se solicit\u00f3 la intervenci\u00f3n de personal param\u00e9dico del Cuerpo de Bomberos, quienes brindaron atenci\u00f3n prehospitalaria al lesionado y lo trasladaron al Hospital General \u201cDr. Macedonio Ben\u00edtez Fuentes\u201d para su atenci\u00f3n m\u00e9dica.<\/p>\n\n\n\n<p>El lesionado fue identificado como Carlos Roberto R. R., quien fue remitido a las autoridades ministeriales correspondientes.<\/p>\n","protected":false},"excerpt":{"rendered":"<p>Redacci\u00f3n\/Zona Roja. Oaxaca de Ju\u00e1rez, Oax., a 26 de mayo de 2023.- Una persona del&hellip;<\/p>\n","protected":false},"author":2,"featured_media":55707,"comment_status":"closed","ping_status":"open","sticky":false,"template":"","format":"standard","meta":{"_lmt_disableupdate":"","_lmt_disable":"","_jetpack_memberships_contains_paid_content":false,"footnotes":""},"categories":[109,51],"tags":[826],"class_list":["post-55705","post","type-post","status-publish","format-standard","has-post-thumbnail","hentry","category-minuto-a-minuto","category-zona-roja","tag-santiago-juxtlahuaca"],"jetpack_featured_media_url":"https:\/\/zonaroja.com.mx\/wp-content\/uploads\/2023\/05\/asesinado-en-juxtlahuaca.jpg","jetpack_sharing_enabled":true,"_links":{"self":[{"href":"https:\/\/zonaroja.com.mx\/index.php?rest_route=\/wp\/v2\/posts\/55705","targetHints":{"allow":["GET"]}}],"collection":[{"href":"https:\/\/zonaroja.com.mx\/index.php?rest_route=\/wp\/v2\/posts"}],"about":[{"href":"https:\/\/zonaroja.com.mx\/index.php?rest_route=\/wp\/v2\/types\/post"}],"author":[{"embeddable":true,"href":"https:\/\/zonaroja.com.mx\/index.php?rest_route=\/wp\/v2\/users\/2"}],"replies":[{"embeddable":true,"href":"https:\/\/zonaroja.com.mx\/index.php?rest_route=%2Fwp%2Fv2%2Fcomments&post=55705"}],"version-history":[{"count":1,"href":"https:\/\/zonaroja.com.mx\/index.php?rest_route=\/wp\/v2\/posts\/55705\/revisions"}],"predecessor-version":[{"id":55712,"href":"https:\/\/zonaroja.com.mx\/index.php?rest_route=\/wp\/v2\/posts\/55705\/revisions\/55712"}],"wp:featuredmedia":[{"embeddable":true,"href":"https:\/\/zonaroja.com.mx\/index.php?rest_route=\/wp\/v2\/media\/55707"}],"wp:attachment":[{"href":"https:\/\/zonaroja.com.mx\/index.php?rest_route=%2Fwp%2Fv2%2Fmedia&parent=55705"}],"wp:term":[{"taxonomy":"category","embeddable":true,"href":"https:\/\/zonaroja.com.mx\/index.php?rest_route=%2Fwp%2Fv2%2Fcategories&post=55705"},{"taxonomy":"post_tag","embeddable":true,"href":"https:\/\/zonaroja.com.mx\/index.php?rest_route=%2Fwp%2Fv2%2Ftags&post=55705"}],"curies":[{"name":"wp","href":"https:\/\/api.w.org\/{rel}","templated":true}]}}