{"id":55713,"date":"2023-05-26T22:25:55","date_gmt":"2023-05-27T03:25:55","guid":{"rendered":"http:\/\/www.zonaroja.com.mx\/?p=55713"},"modified":"2023-05-26T22:26:04","modified_gmt":"2023-05-27T03:26:04","slug":"cierra-semana-con-mas-bloqueos-en-oaxaca-seccion-22-y-mixtecos-exigen-atencion","status":"publish","type":"post","link":"https:\/\/zonaroja.com.mx\/?p=55713","title":{"rendered":"Cierra semana con m\u00e1s bloqueos en Oaxaca; Secci\u00f3n 22 y mixtecos exigen atenci\u00f3n"},"content":{"rendered":"\n<p>Yuridiana Sosa\/Zona Roja.<\/p>\n\n\n\n<p>Oaxaca de Ju\u00e1rez, Oax., a 26 de mayo de 2023.- Trabajadores del Programa de Apoyo y Asistencia a la Educaci\u00f3n (PAAE) adheridos a la Secci\u00f3n 22 del SNTE se manifestaron contra la Junta Local de Conciliaci\u00f3n y Arbitraje, por timarlos con audiencia sobre una demanda contra IEEPO.<\/p>\n\n\n\n<p>Los integrantes del Sindicato Nacional de Trabajadores de la Educaci\u00f3n fueron citados para este viernes para abordar sobre la demanda laboral que interpusieron por el cambio de claves estatales a nivel federal, as\u00ed como para el reconocimiento de sus a\u00f1os de antig\u00fcedad.<\/p>\n\n\n\n<p>Sin embargo, la JLCA no los recibi\u00f3, dejando \u201cplantado\u201d a los trabajadores, quienes en respuesta \u201ctomaron\u201d las oficinas de gobierno y colocaron una cadena con candados, as\u00ed como bloquearon por varias horas el bulevar Eduardo Vasconcelos con dos unidades del transporte p\u00fablico que retuvieron.<\/p>\n\n\n\n<p>\u201cExigimos audiencia, no m\u00e1s burlas\u201d, manifestaron los afectados; fue hasta la tarde en que fueron recibidos en audiencia para explicarles la situaci\u00f3n, tras lo cual liberaron la vialidad.<\/p>\n\n\n\n<figure class=\"wp-block-embed is-type-rich is-provider-twitter wp-block-embed-twitter\"><div class=\"wp-block-embed__wrapper\">\n<div class=\"twitter-tweet\"><blockquote class=\"twitter-tweet\" data-lang=\"es\"><p lang=\"es\" dir=\"ltr\"><a href=\"https:\/\/twitter.com\/hashtag\/%C3%9AltimoMinuto?src=hash&amp;ref_src=twsrc%5Etfw\">#\u00daltimoMinuto<\/a><br>Otro sector de la Secci\u00f3n 22 del SNTE, del Programa de Apoyo y Asistencia a la Educaci\u00f3n (PAAE), bloquea ahora el bulevar Eduardo Vasconcelos de la ciudad de Oaxaca. <a href=\"https:\/\/t.co\/bP9HCbEWj3\">pic.twitter.com\/bP9HCbEWj3<\/a><\/p>&mdash; Zona Roja Oaxaca (@ZonaRoja_Oaxaca) <a href=\"https:\/\/twitter.com\/ZonaRoja_Oaxaca\/status\/1662182537899409409?ref_src=twsrc%5Etfw\">26 de mayo de 2023<\/a><\/blockquote><\/div>\n<\/div><\/figure>\n\n\n\n<p>EXIGEN ATENCI\u00d3N DE SEGO<\/p>\n\n\n\n<p>Pobladores de San Pedro M\u00e1rtir Yucuxaco instalaron un bloqueo sobre la carretera federal 125, la cual comunica del crucero de Yucudaa a Putla de Guerrero, entre Yolomecatl y Tlaxiaco.<\/p>\n\n\n\n<p>Los habitantes exigen una mesa de atenci\u00f3n con el secretario de Gobierno, Jes\u00fas Romero L\u00f3pez, para dar soluci\u00f3n a un conflicto post electoral que ha afectado la tranquilidad de la comunidad.<\/p>\n\n\n\n<p>La problem\u00e1tica deriv\u00f3 de la jornada del 28 de agosto en la que el ciudadano Pedro Esp\u00edritu Montes se reeligi\u00f3, mismo que fue desconocido por diferentes agencias, por lo que fue enviado un comisionado.<\/p>\n\n\n\n<p>No obstante, el ex edil, relacionado con el Partido del Trabajo, mantiene preferencias en las mesas de di\u00e1logo que se llevan a cabo para la nueva jornada, en las que rechaza la posibilidad de que las mujeres participen en una nueva jornada electoral, lo que violenta los derechos de las mujeres.<\/p>\n\n\n\n<p>Una de las representantes de la poblaci\u00f3n, identificada como Imelda Mar\u00eda, se\u00f1al\u00f3 que, por exigir la participaci\u00f3n de las mujeres, ha recibido amenazas de muerte y ha sido agredida f\u00edsicamente en diversas ocasiones, por lo que la comunidad demanda de forma urgente un alto a los abusos.&nbsp;<\/p>\n","protected":false},"excerpt":{"rendered":"<p>Yuridiana Sosa\/Zona Roja. Oaxaca de Ju\u00e1rez, Oax., a 26 de mayo de 2023.- Trabajadores del&hellip;<\/p>\n","protected":false},"author":2,"featured_media":55708,"comment_status":"closed","ping_status":"open","sticky":false,"template":"","format":"standard","meta":{"_lmt_disableupdate":"","_lmt_disable":"","_jetpack_memberships_contains_paid_content":false,"footnotes":""},"categories":[109,47],"tags":[2264],"class_list":["post-55713","post","type-post","status-publish","format-standard","has-post-thumbnail","hentry","category-minuto-a-minuto","category-zona-gris","tag-bloqueos-y-protestas-oaxaca"],"jetpack_featured_media_url":"https:\/\/zonaroja.com.mx\/wp-content\/uploads\/2023\/05\/Bloqueo-carretero-Mixteca-Yucudaa.jpg","jetpack_sharing_enabled":true,"_links":{"self":[{"href":"https:\/\/zonaroja.com.mx\/index.php?rest_route=\/wp\/v2\/posts\/55713","targetHints":{"allow":["GET"]}}],"collection":[{"href":"https:\/\/zonaroja.com.mx\/index.php?rest_route=\/wp\/v2\/posts"}],"about":[{"href":"https:\/\/zonaroja.com.mx\/index.php?rest_route=\/wp\/v2\/types\/post"}],"author":[{"embeddable":true,"href":"https:\/\/zonaroja.com.mx\/index.php?rest_route=\/wp\/v2\/users\/2"}],"replies":[{"embeddable":true,"href":"https:\/\/zonaroja.com.mx\/index.php?rest_route=%2Fwp%2Fv2%2Fcomments&post=55713"}],"version-history":[{"count":1,"href":"https:\/\/zonaroja.com.mx\/index.php?rest_route=\/wp\/v2\/posts\/55713\/revisions"}],"predecessor-version":[{"id":55714,"href":"https:\/\/zonaroja.com.mx\/index.php?rest_route=\/wp\/v2\/posts\/55713\/revisions\/55714"}],"wp:featuredmedia":[{"embeddable":true,"href":"https:\/\/zonaroja.com.mx\/index.php?rest_route=\/wp\/v2\/media\/55708"}],"wp:attachment":[{"href":"https:\/\/zonaroja.com.mx\/index.php?rest_route=%2Fwp%2Fv2%2Fmedia&parent=55713"}],"wp:term":[{"taxonomy":"category","embeddable":true,"href":"https:\/\/zonaroja.com.mx\/index.php?rest_route=%2Fwp%2Fv2%2Fcategories&post=55713"},{"taxonomy":"post_tag","embeddable":true,"href":"https:\/\/zonaroja.com.mx\/index.php?rest_route=%2Fwp%2Fv2%2Ftags&post=55713"}],"curies":[{"name":"wp","href":"https:\/\/api.w.org\/{rel}","templated":true}]}}