{"id":55720,"date":"2023-05-28T12:40:00","date_gmt":"2023-05-28T17:40:00","guid":{"rendered":"http:\/\/www.zonaroja.com.mx\/?p=55720"},"modified":"2023-05-28T08:00:34","modified_gmt":"2023-05-28T13:00:34","slug":"en-precaria-situacion-laboral-trabajadores-de-medios-de-comunicacion","status":"publish","type":"post","link":"https:\/\/zonaroja.com.mx\/?p=55720","title":{"rendered":"En precaria situaci\u00f3n laboral, trabajadores de medios de comunicaci\u00f3n"},"content":{"rendered":"\n<p>Redacci\u00f3n\/Zona Roja Cdmx.<\/p>\n\n\n\n<p>Ciudad de M\u00e9xico, a 28 de mayo de 2023.- La integrante de la Asamblea de Trabajadores de los Medios de Comunicaci\u00f3n, Fernanda Hern\u00e1ndez, dio a conocer los resultados de la encuesta sobre las condiciones laborales de quienes trabajan en el sector medi\u00e1tico. \u201cComprobamos la situaci\u00f3n de precariedad laboral\u201d de la mayor\u00eda, afirma.<\/p>\n\n\n\n<p>De acuerdo con lo mostrado en el estudio demosc\u00f3pico, la mayor\u00eda de trabajadores de esta industria est\u00e1n envueltos en \u201ccondiciones complicadas\u201d, no s\u00f3lo por las cuestiones de seguridad, sino por la explotaci\u00f3n y los bajos salarios que terminan por repercutir en \u201cla calidad de nuestro trabajo\u201d, expres\u00f3 Hern\u00e1ndez.<\/p>\n\n\n\n<p>En entrevista con T\u00e9moris Grecko, dijo que, si bien un \u201c80 por ciento\u201d de las personas encuestadas afirm\u00f3 tener un contrato, dentro de ellas hay un \u201c53 por ciento\u201d que cumple hasta tres funciones m\u00e1s de lo que estipula el acuerdo legal referido, sin goce de sueldo extra. En otras palabras, triplican sus actividades profesionales sin la remuneraci\u00f3n correspondiente.<\/p>\n\n\n\n<p>Por ejemplo, recuper\u00f3 un testimonio de una persona que, originalmente, fue contratada como \u201cauxiliar administrativo\u201d; pero desarrolla tareas propias del reportaje.&nbsp;<\/p>\n\n\n\n<p>Agreg\u00f3 que, como este caso, hay muchos, en los que se tienen que hacer labores de \u201creporteo, edici\u00f3n de texto y video\u201d, conducir autom\u00f3viles, llevar a cabo \u201ctransmisiones en vivo\u201d, etc., sin que esto implique un mayor salario.<\/p>\n\n\n\n<p>Estableci\u00f3 que el \u201c20 por ciento\u201d trabaja los siete d\u00edas de la semana, contraviniendo lo estipulado en la Ley Federal del Trabajo.&nbsp;<\/p>\n\n\n\n<p>Hern\u00e1ndez brinda m\u00e1s datos sobre la incertidumbre laboral en la que se encuentran los y las trabajadores de medios.&nbsp;<\/p>\n\n\n\n<p>Por ejemplo, el cambio de contrato \u201ccada tres meses\u201d o el que sus empleadores les paguen bajo el formato de \u201casimilados\u201d, el cual se refiere a reportar un sueldo menor del realmente percibido, para despu\u00e9s compensarlo en un mecanismo paralelo que ocasiona que los y las empleadas terminen pagando \u201cm\u00e1s impuestos\u201d, sin importar que estas pr\u00e1cticas constituyan \u201cun fraude fiscal\u201d.<\/p>\n\n\n\n<p>El acoso sexual y laboral tambi\u00e9n se hicieron presentes en los hallazgos de la encuesta.&nbsp;<\/p>\n\n\n\n<p>Siguiendo lo que Hern\u00e1ndez comenta, las mujeres periodistas \u201crealizan las mismas labores\u201d que sus colegas hombres, pero por sueldos m\u00e1s bajos.&nbsp;<\/p>\n\n\n\n<p>En el estudio que la Asamblea llev\u00f3 a cabo, se reportaron \u201c110 testimonios sobre violencia de g\u00e9nero\u201d, provenientes de \u201cMorelos, Guanajuato, Quer\u00e9taro y Ciudad de M\u00e9xico\u201d. Un dato m\u00e1s, \u201cel 53. 8 por ciento\u201d report\u00f3 haber padecido \u201cviolencia sexual, f\u00edsica o verbal\u201d, aunado a ataques por sus \u201ccreencias pol\u00edticas\u201d, por \u201csu orientaci\u00f3n sexual\u201d y hacia \u201csu trabajo\u201d sin que hubiera fundamento alguno de por medio.&nbsp;<\/p>\n\n\n\n<p>Refiere que muchas de estas personas pensaron en renunciar a sus empleos, debido a la ausencia de protocolos para atender estas problem\u00e1ticas.<\/p>\n\n\n\n<p>Ante este panorama, hace un llamado para conformar un \u201csindicato independiente de periodistas, que represente y defienda los derechos\u201d de todas y todos \u201clos trabajadores de los medios de comunicaci\u00f3n\u201d, esto es, a \u201cdise\u00f1adores, camar\u00f3grafos, personal administrativo\u201d, entre otros.&nbsp;<\/p>\n\n\n\n<p>De acuerdo con Fernanda, la \u00fanica manera de sobreponerse a todas estas adversidades es, \u201corganizarnos para luchar\u201d.<\/p>\n\n\n\n<p>(Informaci\u00f3n de \u201cAstillero Informa\u201d)<\/p>\n","protected":false},"excerpt":{"rendered":"<p>Redacci\u00f3n\/Zona Roja Cdmx. Ciudad de M\u00e9xico, a 28 de mayo de 2023.- La integrante de&hellip;<\/p>\n","protected":false},"author":2,"featured_media":55721,"comment_status":"closed","ping_status":"open","sticky":false,"template":"","format":"standard","meta":{"_lmt_disableupdate":"","_lmt_disable":"","_jetpack_memberships_contains_paid_content":false,"footnotes":""},"categories":[109,47],"tags":[521],"class_list":["post-55720","post","type-post","status-publish","format-standard","has-post-thumbnail","hentry","category-minuto-a-minuto","category-zona-gris","tag-periodistas"],"jetpack_featured_media_url":"https:\/\/zonaroja.com.mx\/wp-content\/uploads\/2023\/05\/Prensa-periodistas-periodismo-medios.jpg","jetpack_sharing_enabled":true,"_links":{"self":[{"href":"https:\/\/zonaroja.com.mx\/index.php?rest_route=\/wp\/v2\/posts\/55720","targetHints":{"allow":["GET"]}}],"collection":[{"href":"https:\/\/zonaroja.com.mx\/index.php?rest_route=\/wp\/v2\/posts"}],"about":[{"href":"https:\/\/zonaroja.com.mx\/index.php?rest_route=\/wp\/v2\/types\/post"}],"author":[{"embeddable":true,"href":"https:\/\/zonaroja.com.mx\/index.php?rest_route=\/wp\/v2\/users\/2"}],"replies":[{"embeddable":true,"href":"https:\/\/zonaroja.com.mx\/index.php?rest_route=%2Fwp%2Fv2%2Fcomments&post=55720"}],"version-history":[{"count":2,"href":"https:\/\/zonaroja.com.mx\/index.php?rest_route=\/wp\/v2\/posts\/55720\/revisions"}],"predecessor-version":[{"id":55767,"href":"https:\/\/zonaroja.com.mx\/index.php?rest_route=\/wp\/v2\/posts\/55720\/revisions\/55767"}],"wp:featuredmedia":[{"embeddable":true,"href":"https:\/\/zonaroja.com.mx\/index.php?rest_route=\/wp\/v2\/media\/55721"}],"wp:attachment":[{"href":"https:\/\/zonaroja.com.mx\/index.php?rest_route=%2Fwp%2Fv2%2Fmedia&parent=55720"}],"wp:term":[{"taxonomy":"category","embeddable":true,"href":"https:\/\/zonaroja.com.mx\/index.php?rest_route=%2Fwp%2Fv2%2Fcategories&post=55720"},{"taxonomy":"post_tag","embeddable":true,"href":"https:\/\/zonaroja.com.mx\/index.php?rest_route=%2Fwp%2Fv2%2Ftags&post=55720"}],"curies":[{"name":"wp","href":"https:\/\/api.w.org\/{rel}","templated":true}]}}