{"id":55725,"date":"2023-05-27T08:50:00","date_gmt":"2023-05-27T13:50:00","guid":{"rendered":"http:\/\/www.zonaroja.com.mx\/?p=55725"},"modified":"2023-05-27T07:51:55","modified_gmt":"2023-05-27T12:51:55","slug":"mexico-violento-dos-policias-asesinados-tres-calcinados-fosas-clandestinas","status":"publish","type":"post","link":"https:\/\/zonaroja.com.mx\/?p=55725","title":{"rendered":"M\u00e9xico violento: dos polic\u00edas asesinados; tres calcinados; fosas clandestinas\u2026"},"content":{"rendered":"\n<p>Redacci\u00f3n\/Zona Roja Cdmx.<\/p>\n\n\n\n<p>Ciudad de M\u00e9xico, a 27 de mayo de 2023.- La ola criminal crece en M\u00e9xico y en las \u00faltimas 24 horas registr\u00f3 un saldo fatal en al menos cinco entidades.<\/p>\n\n\n\n<p>En Celaya, Guanajuato, dos polic\u00edas fueron asesinados y otros dos m\u00e1s lesionados, en un enfrentamiento con un grupo presuntamente del crimen organizado.<\/p>\n\n\n\n<p>De acuerdo con informaci\u00f3n de \u201cEl Universal\u201d, los hechos ocurrieron la tarde de este viernes en la comunidad Rinc\u00f3n de Tamayo, en Celaya, en donde adem\u00e1s se report\u00f3 la muerte de un civil.<\/p>\n\n\n\n<p>El ataque se suscit\u00f3 pasadas las 3:00 de la tarde cuando los oficiales realizaban tareas de vigilancia en el poblado y se detuvieron en el exterior de un negocio ubicado en la calle Emiliano Zapata.<\/p>\n\n\n\n<p>En el municipio de San Gabriel, Jalisco, se report\u00f3 el hallazgo de tres personas muertas y calcinadas, en el interior de un veh\u00edculo, localizado a la altura del kil\u00f3metro 86 + 6 sobre la carretera a San Gabriel en la localidad de Los Garc\u00eda, de acuerdo con datos de \u201cMilenio\u201d.<\/p>\n\n\n\n<p>Mientras tanto, ayer por la ma\u00f1ana en el municipio de Guadalupe, Zacatecas, se report\u00f3 el hallazgo de dos cuerpos, un hombre y una mujer, as\u00ed como de otra mujer lesionada que muri\u00f3 despu\u00e9s cuando era trasladada a un hospital.<\/p>\n\n\n\n<p>A trav\u00e9s del Sistema de Emergencia 911 se report\u00f3 que hab\u00edan varias personas sin vida en la avenida La Cantera -lugar cercano a las colonias de Rinc\u00f3n Colonial y Tierra y Libertad-, en el municipio de Guadalupe.<\/p>\n\n\n\n<p>A su vez, tres integrantes de una familia (dos hombres y una mujer) fueron asesinados a tiros en el sur de Veracruz en un aparente asalto.<\/p>\n\n\n\n<p>El triple homicidio ocurri\u00f3 en la comunidad El Cautivo del municipio de San Juan Evangelista, donde las v\u00edctimas hab\u00edan acudido a pagar la compra de leche.<\/p>\n\n\n\n<p>En tanto que, de acuerdo con el diario \u201cExc\u00e9lsior, al fondo de un barranco de la comunidad rural de Cuchicuato, en Irapuato, fueron encontrados los cuerpos semidesnudos y sin vida de cinco hombres. Los cad\u00e1veres ya estaban en estado de putrefacci\u00f3n.<\/p>\n\n\n\n<p>A trav\u00e9s de una llamada a la l\u00ednea de emergencia 911, campesinos de la zona alertaron a las autoridades freseras.<\/p>\n\n\n\n<p>Las v\u00edctimas estaban maniatadas y fueron parad\u00f3jicamente localizadas a unos metros del camino que conduce al pante\u00f3n local.<\/p>\n\n\n\n<p>Por otra parte, tambi\u00e9n de acuerdo con el \u201cEl Universal\u00bb, una fosa clandestina fue localizada en un predio de la colonia San Agust\u00edn, en el municipio de Tlajomulco, Jalisco.<\/p>\n\n\n\n<p>Extraoficialmente se ha informado que en este sitio habr\u00eda aproximadamente 100 bolsas con segmentos humanos, sin embargo, la Fiscal\u00eda General del Estado ha se\u00f1alado que se brindar\u00e1 informaci\u00f3n oficial s\u00f3lo hasta que el sitio termine de ser procesado por los peritos forenses.<\/p>\n","protected":false},"excerpt":{"rendered":"<p>Redacci\u00f3n\/Zona Roja Cdmx. Ciudad de M\u00e9xico, a 27 de mayo de 2023.- La ola criminal&hellip;<\/p>\n","protected":false},"author":2,"featured_media":55667,"comment_status":"closed","ping_status":"open","sticky":false,"template":"","format":"standard","meta":{"_lmt_disableupdate":"","_lmt_disable":"","_jetpack_memberships_contains_paid_content":false,"footnotes":""},"categories":[109,51],"tags":[1746],"class_list":["post-55725","post","type-post","status-publish","format-standard","has-post-thumbnail","hentry","category-minuto-a-minuto","category-zona-roja","tag-violencia-en-mexico"],"jetpack_featured_media_url":"https:\/\/zonaroja.com.mx\/wp-content\/uploads\/2023\/05\/Escena-del-crimen-violencia.jpg","jetpack_sharing_enabled":true,"_links":{"self":[{"href":"https:\/\/zonaroja.com.mx\/index.php?rest_route=\/wp\/v2\/posts\/55725","targetHints":{"allow":["GET"]}}],"collection":[{"href":"https:\/\/zonaroja.com.mx\/index.php?rest_route=\/wp\/v2\/posts"}],"about":[{"href":"https:\/\/zonaroja.com.mx\/index.php?rest_route=\/wp\/v2\/types\/post"}],"author":[{"embeddable":true,"href":"https:\/\/zonaroja.com.mx\/index.php?rest_route=\/wp\/v2\/users\/2"}],"replies":[{"embeddable":true,"href":"https:\/\/zonaroja.com.mx\/index.php?rest_route=%2Fwp%2Fv2%2Fcomments&post=55725"}],"version-history":[{"count":1,"href":"https:\/\/zonaroja.com.mx\/index.php?rest_route=\/wp\/v2\/posts\/55725\/revisions"}],"predecessor-version":[{"id":55726,"href":"https:\/\/zonaroja.com.mx\/index.php?rest_route=\/wp\/v2\/posts\/55725\/revisions\/55726"}],"wp:featuredmedia":[{"embeddable":true,"href":"https:\/\/zonaroja.com.mx\/index.php?rest_route=\/wp\/v2\/media\/55667"}],"wp:attachment":[{"href":"https:\/\/zonaroja.com.mx\/index.php?rest_route=%2Fwp%2Fv2%2Fmedia&parent=55725"}],"wp:term":[{"taxonomy":"category","embeddable":true,"href":"https:\/\/zonaroja.com.mx\/index.php?rest_route=%2Fwp%2Fv2%2Fcategories&post=55725"},{"taxonomy":"post_tag","embeddable":true,"href":"https:\/\/zonaroja.com.mx\/index.php?rest_route=%2Fwp%2Fv2%2Ftags&post=55725"}],"curies":[{"name":"wp","href":"https:\/\/api.w.org\/{rel}","templated":true}]}}