{"id":55732,"date":"2023-05-27T16:03:00","date_gmt":"2023-05-27T21:03:00","guid":{"rendered":"http:\/\/www.zonaroja.com.mx\/?p=55732"},"modified":"2023-05-27T08:07:12","modified_gmt":"2023-05-27T13:07:12","slug":"asegura-el-inegi-que-la-economia-de-mexico-crecio-1-en-primer-trimestre","status":"publish","type":"post","link":"https:\/\/zonaroja.com.mx\/?p=55732","title":{"rendered":"Asegura el Inegi que la econom\u00eda de M\u00e9xico creci\u00f3 1% en primer trimestre"},"content":{"rendered":"\n<p>Redacci\u00f3n\/Zona Roja Cdmx.<\/p>\n\n\n\n<p>Ciudad de M\u00e9xico, a 27 de mayo de 2023.- Pese a la ligera desaceleraci\u00f3n observada en marzo, la econom\u00eda mexicana creci\u00f3 uno por ciento en el primer trimestre respecto a octubre-diciembre del a\u00f1o pasado, confirm\u00f3 este viernes el Instituto Nacional de Estad\u00edstica y Geograf\u00eda (Inegi).<\/p>\n\n\n\n<p>En su variaci\u00f3n anual, el producto interno bruto (PIB) del pa\u00eds avanz\u00f3 3.7 por ciento frente a enero-marzo del a\u00f1o pasado.<\/p>\n\n\n\n<p>Aunque el organismo aut\u00f3nomo ajust\u00f3 0.1 punto porcentual el dato trimestral, confirm\u00f3 que la econom\u00eda mexicana sum\u00f3 seis periodos consecutivos de crecimiento despu\u00e9s del retroceso de 0.4 por ciento del tercer trimestre de 2021, el cual fue precedido por cuatro lecturas positivas tras el desplome de 17.1 por ciento por el covid-19.<\/p>\n\n\n\n<p>El ajuste del PIB en el primer trimestre del a\u00f1o se explic\u00f3 por una ligera desaceleraci\u00f3n, pues el Indicador Global de la Actividad Econ\u00f3mica (IGAE), el cual observa el comportamiento econ\u00f3mico del pa\u00eds a corto plazo, retrocedi\u00f3 0.3 por ciento en marzo frente a febrero.<\/p>\n\n\n\n<p>El mayor dinamismo del PIB se debi\u00f3 al auge de los servicios profesionales, cient\u00edficos y t\u00e9cnicos; la informaci\u00f3n en medios masivos; los servicios de apoyo a los negocios; manejo de desechos y servicios de remediaci\u00f3n, entre otros.<\/p>\n\n\n\n<p>El comercio y servicios, que aportan dos terceras partes de la econom\u00eda mexicana, observaron el mayor avance, 1.5 por ciento frente a octubre-diciembre, por lo que fueron el principal motor de crecimiento econ\u00f3mico en el lapso de referencia.<\/p>\n\n\n\n<p>El Inegi ajust\u00f3 el retroceso trimestral de actividades primarias, por lo que pas\u00f3 de 3.2 por ciento a 2.8 por ciento. La industria avanz\u00f3 0.6 por ciento en el primer trimestre frente al periodo anterior y no 0.7 por ciento como se estim\u00f3 originalmente.<\/p>\n\n\n\n<p>El ajuste del PIB frente al primer trimestre de 2022 se explic\u00f3 por la correcci\u00f3n de los datos de las tres principales actividades econ\u00f3micas. La agricultura y ganader\u00eda avanzaron 2.9 por ciento y no 3.1. La industria avanz\u00f3 2.4 por ciento, tras una estimaci\u00f3n inicial de 2.6. El crecimiento de las actividades terciarias pas\u00f3 de 4.3 a 4.2 por ciento.<\/p>\n\n\n\n<p>Analistas de Citibanamex comentaron que el avance trimestral de uno por ciento de la econom\u00eda mexicana estuvo en l\u00ednea con sus expectativas. \u201cLa fortaleza del PIB en el primer trimestre de 2023 implica una aceleraci\u00f3n ante el aumento de 0.6 por ciento en el cuarto trimestre de 2022\u201d.<\/p>\n\n\n\n<p>Indicaron que el crecimiento de enero-marzo fue mayor a los dos periodos previos por la mejor\u00eda en la demanda interna, pues la externa se desaceler\u00f3.<\/p>\n\n\n\n<p>No obstante, el dato del IGAE de marzo sugiere que la actividad est\u00e1 comenzando a perder impulso, por lo que prev\u00e9n una desaceleraci\u00f3n para el resto del a\u00f1o, principalmente en los dos \u00faltimos trimestres, para cerrar con un crecimiento anual del 1.9 por ciento.<\/p>\n\n\n\n<p>Analistas de Monex resaltaron que la econom\u00eda mexicana dio un paso atr\u00e1s en marzo, aunque \u201clos primeros meses del a\u00f1o han sido destacados y siguen proveyendo una base generosa para el c\u00e1lculo de crecimiento de todo 2023.\u201d<\/p>\n\n\n\n<p>\u201cAunque en el margen la econom\u00eda perdi\u00f3 ritmo, las ca\u00eddas de marzo vienen despu\u00e9s de resultados muy robustos en las primeras semanas del a\u00f1o, por lo que bien podr\u00edan tratarse de un ajuste m\u00e1s que de un cambio sostenido en la tendencia\u201d, se\u00f1alaron antes de comentar que el crecimiento se mantendr\u00e1 en el sector servicios, m\u00e1s que en el manufacturero, \u00faltimo sector que mantiene una par\u00e1lisis a nivel global.<\/p>\n\n\n\n<p>(Informaci\u00f3n de \u201cLa Jornada\u201d)<\/p>\n","protected":false},"excerpt":{"rendered":"<p>Redacci\u00f3n\/Zona Roja Cdmx. Ciudad de M\u00e9xico, a 27 de mayo de 2023.- Pese a la&hellip;<\/p>\n","protected":false},"author":2,"featured_media":8208,"comment_status":"closed","ping_status":"open","sticky":false,"template":"","format":"standard","meta":{"_lmt_disableupdate":"","_lmt_disable":"","_jetpack_memberships_contains_paid_content":false,"footnotes":""},"categories":[109,46],"tags":[],"class_list":["post-55732","post","type-post","status-publish","format-standard","has-post-thumbnail","hentry","category-minuto-a-minuto","category-zona-blanca"],"jetpack_featured_media_url":"https:\/\/zonaroja.com.mx\/wp-content\/uploads\/2020\/01\/econom\u00eda.jpg","jetpack_sharing_enabled":true,"_links":{"self":[{"href":"https:\/\/zonaroja.com.mx\/index.php?rest_route=\/wp\/v2\/posts\/55732","targetHints":{"allow":["GET"]}}],"collection":[{"href":"https:\/\/zonaroja.com.mx\/index.php?rest_route=\/wp\/v2\/posts"}],"about":[{"href":"https:\/\/zonaroja.com.mx\/index.php?rest_route=\/wp\/v2\/types\/post"}],"author":[{"embeddable":true,"href":"https:\/\/zonaroja.com.mx\/index.php?rest_route=\/wp\/v2\/users\/2"}],"replies":[{"embeddable":true,"href":"https:\/\/zonaroja.com.mx\/index.php?rest_route=%2Fwp%2Fv2%2Fcomments&post=55732"}],"version-history":[{"count":1,"href":"https:\/\/zonaroja.com.mx\/index.php?rest_route=\/wp\/v2\/posts\/55732\/revisions"}],"predecessor-version":[{"id":55733,"href":"https:\/\/zonaroja.com.mx\/index.php?rest_route=\/wp\/v2\/posts\/55732\/revisions\/55733"}],"wp:featuredmedia":[{"embeddable":true,"href":"https:\/\/zonaroja.com.mx\/index.php?rest_route=\/wp\/v2\/media\/8208"}],"wp:attachment":[{"href":"https:\/\/zonaroja.com.mx\/index.php?rest_route=%2Fwp%2Fv2%2Fmedia&parent=55732"}],"wp:term":[{"taxonomy":"category","embeddable":true,"href":"https:\/\/zonaroja.com.mx\/index.php?rest_route=%2Fwp%2Fv2%2Fcategories&post=55732"},{"taxonomy":"post_tag","embeddable":true,"href":"https:\/\/zonaroja.com.mx\/index.php?rest_route=%2Fwp%2Fv2%2Ftags&post=55732"}],"curies":[{"name":"wp","href":"https:\/\/api.w.org\/{rel}","templated":true}]}}