{"id":55734,"date":"2023-05-27T12:00:00","date_gmt":"2023-05-27T17:00:00","guid":{"rendered":"http:\/\/www.zonaroja.com.mx\/?p=55734"},"modified":"2023-05-27T08:12:44","modified_gmt":"2023-05-27T13:12:44","slug":"ordenan-tribunal-y-el-ine-retirar-extractos-de-mananera-con-propaganda","status":"publish","type":"post","link":"https:\/\/zonaroja.com.mx\/?p=55734","title":{"rendered":"Ordenan Tribunal y el INE retirar extractos de \u201cma\u00f1anera\u201d con propaganda"},"content":{"rendered":"\n<p>Redacci\u00f3n\/Zona Roja Cdmx.<\/p>\n\n\n\n<p>Ciudad de M\u00e9xico, a 27 de mayo de 2023.- El Tribunal Electoral del Poder Judicial de la Federaci\u00f3n (TEPJF) y el Instituto Nacional Electoral (INE) ordenaron, en sendas resoluciones, el retiro de extractos de la conferencia matutina en los que el presidente Andr\u00e9s Manuel L\u00f3pez Obrador hace expresiones pol\u00edtico-electorales y lo instan a no inmiscuirse en el tema, a fin de evitar afectaciones a la equidad de las contiendas, tanto las locales en curso como la federal de 2024.<\/p>\n\n\n\n<p>El tribunal declar\u00f3 procedente la tutela preventiva frente al proceso 2023-2024 \u201cal considerar que ante la conducta reiterada del Presidente era necesario vincularlo a abstenerse de emitir expresiones y declaraciones de \u00edndole electoral\u201d.<\/p>\n\n\n\n<p>La aprobaci\u00f3n de medidas cautelares relacionadas con las conferencias de prensa en Palacio Nacional de los d\u00edas 9, 11 y 24 de mayo son de car\u00e1cter urgente, supuestamente para evitar m\u00e1s da\u00f1o, pero el fondo del asunto (determinar si el mandatario cometi\u00f3 infracciones electorales) ser\u00e1 resuelto por la sala especializada del TEPJF.<\/p>\n\n\n\n<p>Los expedientes se derivan de quejas interpuestas por la oposici\u00f3n \u2013as\u00ed como por un ciudadano\u2013 y fueron atendidos por distintas v\u00edas.<\/p>\n\n\n\n<p>Primero, la Comisi\u00f3n de Quejas y Denuncias del INE rechaz\u00f3, por mayor\u00eda de dos votos contra uno, imponer medidas cautelares a las ma\u00f1aneras del 9 y del 11 de mayo, al considerar los consejeros Rita Bell L\u00f3pez y Jorge Monta\u00f1o que las alusiones del Presidente de la Rep\u00fablica fueron en torno a lograr mayor\u00eda legislativa en 2024 que permita hacer reformas constitucionales (asunto que llam\u00f3 el plan C), pero no sobre los procesos electorales en curso.<\/p>\n\n\n\n<p>Los denunciantes se inconformaron y por ello entr\u00f3 el an\u00e1lisis de la sala superior del TEPJF para revertir el criterio del INE y ordenar las medidas cautelares.<\/p>\n\n\n\n<p>Los siete magistrados estuvieron de acuerdo con el proyecto elaborado por Janine Ot\u00e1lora, cuya parte medular indica que L\u00f3pez Obrador s\u00ed llam\u00f3 \u201ca no votar y votar por opciones pol\u00edticas\u201d, lo que a su juicio \u201cconstituye una vulneraci\u00f3n\u201d a las elecciones del estado de M\u00e9xico y Coahuila del 4 de junio.<\/p>\n\n\n\n<p>Debido a que se puede afectar la equidad en la contienda, tambi\u00e9n aprobaron \u201cvincular al Presidente de la Rep\u00fablica que se abstenga de realizar expresiones y declaraciones de \u00edndole electoral\u201d, as\u00ed como \u201cutilizar los espacios de comunicaci\u00f3n oficial y aprovechar las funciones inherentes a su cargo con fines pol\u00edtico-electorales\u201d.<\/p>\n\n\n\n<p>Los siete magistrados de la sala superior votaron en sesi\u00f3n privada no presencial por unanimidad a favor del proyecto.<\/p>\n\n\n\n<p>Tambi\u00e9n ayer, la Comisi\u00f3n de Quejas emiti\u00f3 una nueva resoluci\u00f3n, y esta vez s\u00ed declar\u00f3 procedentes las medidas cautelares por la ma\u00f1anera del mi\u00e9rcoles pasado, porque el jefe del Ejecutivo habl\u00f3 de programas sociales y, por tanto, existe probable intromisi\u00f3n en la contienda del estado de M\u00e9xico y de paso se afectar\u00eda a Coahuila, al referirse a la existencia de una presunta campa\u00f1a en medios y sobre lo que no quieren los grupos del poder.<\/p>\n\n\n\n<p>La tutela preventiva fue para que ajuste su conducta a par\u00e1metros constitucionales y lo haga con imparcialidad y neutralidad a fin de no afectar la equidad en las contiendas. Estas medidas se dictan con la idea de que hay peligro de que las conductas del servidor p\u00fablico se repitan.<\/p>\n\n\n\n<p>Los demandantes (PAN, PRD y Movimiento Ciudadano) presumieron las resoluciones de las autoridades electorales. En esta \u00faltima denunciaron tambi\u00e9n uso indebido de programas sociales y de recursos p\u00fablicos, as\u00ed como promoci\u00f3n personalizada.<\/p>\n\n\n\n<p>En tanto, Mario Llergo, representante de Morena ante el INE, reprodujo en Twitter el extracto de la ma\u00f1anera del 9 de mayo que \u201cel TEPJF censur\u00f3\u201d.<\/p>\n\n\n\n<p>(Informaci\u00f3n de \u201cLa Jornada\u201d)<\/p>\n","protected":false},"excerpt":{"rendered":"<p>Redacci\u00f3n\/Zona Roja Cdmx. Ciudad de M\u00e9xico, a 27 de mayo de 2023.- El Tribunal Electoral&hellip;<\/p>\n","protected":false},"author":2,"featured_media":43108,"comment_status":"closed","ping_status":"open","sticky":false,"template":"","format":"standard","meta":{"_lmt_disableupdate":"","_lmt_disable":"","_jetpack_memberships_contains_paid_content":false,"footnotes":""},"categories":[109,47],"tags":[143],"class_list":["post-55734","post","type-post","status-publish","format-standard","has-post-thumbnail","hentry","category-minuto-a-minuto","category-zona-gris","tag-andres-manuel-lopez-obrador"],"jetpack_featured_media_url":"https:\/\/zonaroja.com.mx\/wp-content\/uploads\/2022\/07\/Andres-Manuel-Lopez-Obrador-mananera.jpeg","jetpack_sharing_enabled":true,"_links":{"self":[{"href":"https:\/\/zonaroja.com.mx\/index.php?rest_route=\/wp\/v2\/posts\/55734","targetHints":{"allow":["GET"]}}],"collection":[{"href":"https:\/\/zonaroja.com.mx\/index.php?rest_route=\/wp\/v2\/posts"}],"about":[{"href":"https:\/\/zonaroja.com.mx\/index.php?rest_route=\/wp\/v2\/types\/post"}],"author":[{"embeddable":true,"href":"https:\/\/zonaroja.com.mx\/index.php?rest_route=\/wp\/v2\/users\/2"}],"replies":[{"embeddable":true,"href":"https:\/\/zonaroja.com.mx\/index.php?rest_route=%2Fwp%2Fv2%2Fcomments&post=55734"}],"version-history":[{"count":1,"href":"https:\/\/zonaroja.com.mx\/index.php?rest_route=\/wp\/v2\/posts\/55734\/revisions"}],"predecessor-version":[{"id":55735,"href":"https:\/\/zonaroja.com.mx\/index.php?rest_route=\/wp\/v2\/posts\/55734\/revisions\/55735"}],"wp:featuredmedia":[{"embeddable":true,"href":"https:\/\/zonaroja.com.mx\/index.php?rest_route=\/wp\/v2\/media\/43108"}],"wp:attachment":[{"href":"https:\/\/zonaroja.com.mx\/index.php?rest_route=%2Fwp%2Fv2%2Fmedia&parent=55734"}],"wp:term":[{"taxonomy":"category","embeddable":true,"href":"https:\/\/zonaroja.com.mx\/index.php?rest_route=%2Fwp%2Fv2%2Fcategories&post=55734"},{"taxonomy":"post_tag","embeddable":true,"href":"https:\/\/zonaroja.com.mx\/index.php?rest_route=%2Fwp%2Fv2%2Ftags&post=55734"}],"curies":[{"name":"wp","href":"https:\/\/api.w.org\/{rel}","templated":true}]}}