{"id":55739,"date":"2023-05-27T12:00:00","date_gmt":"2023-05-27T17:00:00","guid":{"rendered":"http:\/\/www.zonaroja.com.mx\/?p=55739"},"modified":"2023-05-27T08:49:41","modified_gmt":"2023-05-27T13:49:41","slug":"en-casi-medio-ano-del-sexenio-suman-412-agresiones-contra-mujeres","status":"publish","type":"post","link":"https:\/\/zonaroja.com.mx\/?p=55739","title":{"rendered":"En casi medio a\u00f1o del sexenio, suman 412 agresiones contra mujeres"},"content":{"rendered":"\n<p>Redacci\u00f3n\/Zona Roja.<\/p>\n\n\n\n<p>Oaxaca de Ju\u00e1rez, Oax., a 27 de mayo de 2023.- La asociaci\u00f3n civil Consorcio Oaxaca report\u00f3 que en lo que va de la administraci\u00f3n del gobernador Salom\u00f3n Jara Cruz, se han registrado en la entidad 412 casos de agresiones en contra de mujeres, ni\u00f1as y adolescentes.<\/p>\n\n\n\n<p>En un comunicado, detall\u00f3 que del total de casos registrados,&nbsp; 58 corresponden a delitos sexuales, 241 a desapariciones, 57 a feminicidios, 51 casos a violencia familiar y cinco a suicidios.<\/p>\n\n\n\n<p>La asociaci\u00f3n civil llega un registro de estos hechos a trav\u00e9s de la Plataforma de Violencia Feminicida, con base en denuncias y publicaciones en medios informativos.<\/p>\n\n\n\n<p>\u201cTodos estos casos han ocurrido&nbsp; al amparo de un funcionariado omiso que evidencia el desinter\u00e9s institucional ante una crisis de violencia en Oaxaca\u201d, detall\u00f3.<\/p>\n\n\n\n<p>Apenas el pasado mi\u00e9rcoles, una mujer fue asesinada a balazos y otra m\u00e1s result\u00f3 lesionada, en un ataque registrado en la localidad de Teotepec, municipio de Santos Reyes Nopala, en la regi\u00f3n Costa del estado.<\/p>\n","protected":false},"excerpt":{"rendered":"<p>Redacci\u00f3n\/Zona Roja. Oaxaca de Ju\u00e1rez, Oax., a 27 de mayo de 2023.- La asociaci\u00f3n civil&hellip;<\/p>\n","protected":false},"author":2,"featured_media":52240,"comment_status":"closed","ping_status":"open","sticky":false,"template":"","format":"standard","meta":{"_lmt_disableupdate":"","_lmt_disable":"","_jetpack_memberships_contains_paid_content":false,"footnotes":""},"categories":[109,47],"tags":[1559],"class_list":["post-55739","post","type-post","status-publish","format-standard","has-post-thumbnail","hentry","category-minuto-a-minuto","category-zona-gris","tag-violencia-mujeres-oaxaca"],"jetpack_featured_media_url":"https:\/\/zonaroja.com.mx\/wp-content\/uploads\/2023\/03\/Violencia-mujeres-feminicidios-Oax.jpg","jetpack_sharing_enabled":true,"_links":{"self":[{"href":"https:\/\/zonaroja.com.mx\/index.php?rest_route=\/wp\/v2\/posts\/55739","targetHints":{"allow":["GET"]}}],"collection":[{"href":"https:\/\/zonaroja.com.mx\/index.php?rest_route=\/wp\/v2\/posts"}],"about":[{"href":"https:\/\/zonaroja.com.mx\/index.php?rest_route=\/wp\/v2\/types\/post"}],"author":[{"embeddable":true,"href":"https:\/\/zonaroja.com.mx\/index.php?rest_route=\/wp\/v2\/users\/2"}],"replies":[{"embeddable":true,"href":"https:\/\/zonaroja.com.mx\/index.php?rest_route=%2Fwp%2Fv2%2Fcomments&post=55739"}],"version-history":[{"count":1,"href":"https:\/\/zonaroja.com.mx\/index.php?rest_route=\/wp\/v2\/posts\/55739\/revisions"}],"predecessor-version":[{"id":55740,"href":"https:\/\/zonaroja.com.mx\/index.php?rest_route=\/wp\/v2\/posts\/55739\/revisions\/55740"}],"wp:featuredmedia":[{"embeddable":true,"href":"https:\/\/zonaroja.com.mx\/index.php?rest_route=\/wp\/v2\/media\/52240"}],"wp:attachment":[{"href":"https:\/\/zonaroja.com.mx\/index.php?rest_route=%2Fwp%2Fv2%2Fmedia&parent=55739"}],"wp:term":[{"taxonomy":"category","embeddable":true,"href":"https:\/\/zonaroja.com.mx\/index.php?rest_route=%2Fwp%2Fv2%2Fcategories&post=55739"},{"taxonomy":"post_tag","embeddable":true,"href":"https:\/\/zonaroja.com.mx\/index.php?rest_route=%2Fwp%2Fv2%2Ftags&post=55739"}],"curies":[{"name":"wp","href":"https:\/\/api.w.org\/{rel}","templated":true}]}}