{"id":5574,"date":"2019-11-09T07:56:00","date_gmt":"2019-11-09T13:56:00","guid":{"rendered":"http:\/\/www.zonaroja.com.mx\/?p=5574"},"modified":"2019-11-09T07:57:14","modified_gmt":"2019-11-09T13:57:14","slug":"confirman-5-policias-masacrados-pero-se-contradicen-en-zona-de-hechos","status":"publish","type":"post","link":"https:\/\/zonaroja.com.mx\/?p=5574","title":{"rendered":"Confirman 5 polic\u00edas masacrados, pero se contradicen en zona de hechos"},"content":{"rendered":"\n<p>Redacci\u00f3n\/Zona\nRoja.<\/p>\n\n\n\n<p>Oaxaca\nde Ju\u00e1rez, Oax., 9 de noviembre de 2019.- La Secretar\u00eda de Seguridad P\u00fablica de\nOaxaca (SSPO) y la Fiscal\u00eda General del Estado de Oaxaca (FGEO) confirmaron la\nmasacre de cinco polic\u00edas y dos elementos m\u00e1s lesionados, en una emboscada en San\nVicente Coatl\u00e1n, Ejutla.<\/p>\n\n\n\n<p>Sin\nembargo, mientras la SSPO situ\u00f3 la zona del ataque en la regi\u00f3n Valles\nCentrales &#8211;como oficialmente corresponde&#8211;, la Fiscal\u00eda dijo que fue en la\nregi\u00f3n de la Sierra Sur.<\/p>\n\n\n\n<p>INICIAN\nINVESTIGACI\u00d3N<\/p>\n\n\n\n<p>\u201c\u2026\npreliminarmente fallecieron&nbsp; 5 uniformados\ny dos m\u00e1s resultaron heridos, en inmediaciones de la poblaci\u00f3n de San Vicente\nCoatl\u00e1n, Distrito de Ejutla, regi\u00f3n de la Sierra Sur.<\/p>\n\n\n\n<p>De\nacuerdo con reportes policiales, aproximadamente a las 18:00 horas de este\nviernes 8 de noviembre, se report\u00f3 un ataque con disparos de arma de fuego a\npolic\u00edas estatales, los cuales realizaban recorridos de seguridad y vigilancia\na la altura del punto denominado \u201cLa Cementera\u201d.<\/p>\n\n\n\n<p>\u201cLuego\ndel arribo de las corporaciones polic\u00edacas, se report\u00f3 de manera preliminar el\nfallecimiento de cinco polic\u00edas estatales identificados como M. M. O., H. J. F.\nI., P. L. R., B. T. T. y G. J. L., Asimismo, dos elementos m\u00e1s resultaron\nlesionados por disparos de arma de fuego.<\/p>\n\n\n\n<p>\u201cPor estos hechos, la Instituci\u00f3n de procuraci\u00f3n de justicia inici\u00f3 la carpeta de investigaci\u00f3n 38897\/FVCE\/EJUTLA\/2019, por los delitos de homicidio y lesiones, llevando a cabo en el lugar de los hechos las diligencias respectivas con su personal del Ministerio P\u00fablico, agentes investigadores y peritos, quienes en estrecha colaboraci\u00f3n con autoridades estatales, trabajan para aclarar con prontitud estos hechos\u201d, inform\u00f3 la Fiscal\u00eda a trav\u00e9s de un comunicado emitido a las 23:05 horas.<\/p>\n\n\n\n<figure class=\"wp-block-image\"><img decoding=\"async\" width=\"791\" height=\"1024\" src=\"http:\/\/www.zonaroja.com.mx\/wp-content\/uploads\/2019\/11\/Masacre-polic\u00edas-Coatl\u00e1n-2-791x1024.jpg\" alt=\"\" class=\"wp-image-5575\" srcset=\"https:\/\/zonaroja.com.mx\/wp-content\/uploads\/2019\/11\/Masacre-polic\u00edas-Coatl\u00e1n-2-791x1024.jpg 791w, https:\/\/zonaroja.com.mx\/wp-content\/uploads\/2019\/11\/Masacre-polic\u00edas-Coatl\u00e1n-2-232x300.jpg 232w, https:\/\/zonaroja.com.mx\/wp-content\/uploads\/2019\/11\/Masacre-polic\u00edas-Coatl\u00e1n-2-768x994.jpg 768w, https:\/\/zonaroja.com.mx\/wp-content\/uploads\/2019\/11\/Masacre-polic\u00edas-Coatl\u00e1n-2-585x757.jpg 585w, https:\/\/zonaroja.com.mx\/wp-content\/uploads\/2019\/11\/Masacre-polic\u00edas-Coatl\u00e1n-2.jpg 989w\" sizes=\"(max-width: 791px) 100vw, 791px\" \/><\/figure>\n\n\n\n<p>LAMENTAN HECHOS<\/p>\n\n\n\n<p>Mientras que la SSPO emiti\u00f3 su propio comunicado a las 22:53 horas en que inform\u00f3 \u201cque derivado de una agresi\u00f3n armada, cinco elementos de la Polic\u00eda Estatal perdieron la vida y dos m\u00e1s resultaron lesionados, cuando se encontraban realizando labores propias de su funci\u00f3n en inmediaciones de San Vicente Coatl\u00e1n, en el Distrito de Ejutla, perteneciente a la regi\u00f3n de los Valles Centrales de la entidad.<\/p>\n\n\n\n<figure class=\"wp-block-embed-twitter wp-block-embed is-type-rich is-provider-twitter\"><div class=\"wp-block-embed__wrapper\">\n<div class=\"twitter-tweet\"><blockquote class=\"twitter-tweet\" data-lang=\"es\"><p lang=\"es\" dir=\"ltr\"><a href=\"https:\/\/twitter.com\/hashtag\/OaxacaRojo?src=hash&amp;ref_src=twsrc%5Etfw\">#OaxacaRojo<\/a><br>Autoridades del <a href=\"https:\/\/twitter.com\/GobOax?ref_src=twsrc%5Etfw\">@GobOax<\/a>, <a href=\"https:\/\/twitter.com\/SSP_GobOax?ref_src=twsrc%5Etfw\">@SSP_GobOax<\/a> y <a href=\"https:\/\/twitter.com\/FISCALIA_GobOax?ref_src=twsrc%5Etfw\">@FISCALIA_GobOax<\/a> guardan silencio pese a la gravedad de la masacre de cinco elementos de la <a href=\"https:\/\/twitter.com\/Policia_GobOax?ref_src=twsrc%5Etfw\">@Policia_GobOax<\/a>, en San Vicente Coatl\u00e1n, Ejutla. <a href=\"https:\/\/t.co\/K0ErCO89ZC\">pic.twitter.com\/K0ErCO89ZC<\/a><\/p>&mdash; Zona Roja Oaxaca (@MexRoja) <a href=\"https:\/\/twitter.com\/MexRoja\/status\/1193020831930077184?ref_src=twsrc%5Etfw\">9 de noviembre de 2019<\/a><\/blockquote><\/div>\n<\/div><\/figure>\n\n\n\n<p>\u201cAproximadamente\na las 18:00 horas de este viernes, se tuvo conocimiento de los hechos ocurridos\ncuando los uniformados realizaban recorridos de seguridad y vigilancia a la\naltura del punto denominado \u201cLa Cementera\u201d.<\/p>\n\n\n\n<p>\u201cCabe\nse\u00f1alar que dicha corporaci\u00f3n reforz\u00f3 las labores de vigilancia en la zona,\nluego de que en d\u00edas pasados se denunciara el robo de maquinaria.<\/p>\n\n\n\n<p>\u201cLa\nagresi\u00f3n armada se dirigi\u00f3 contra los efectivos que se desplazaban a bordo de\nlas patrullas 1730 y 1718. Al lugar se traslad\u00f3 personal adscrito a Miahuatl\u00e1n\nde Porfirio D\u00edaz, para brindar la atenci\u00f3n necesaria y se realiz\u00f3 el traslado\ndel personal lesionado para su atenci\u00f3n m\u00e9dica.<\/p>\n\n\n\n<p>Ante los hechos, la SSPO ratifica su compromiso con los deudos.\u00a0 Asimismo, mantiene colaboraci\u00f3n con las autoridades ministeriales encargadas de las diligencias correspondientes en torno a estos sucesos\u201d.<\/p>\n\n\n\n<figure class=\"wp-block-image\"><img decoding=\"async\" width=\"817\" height=\"1024\" src=\"http:\/\/www.zonaroja.com.mx\/wp-content\/uploads\/2019\/11\/Masacre-polic\u00edas-Coatl\u00e1n-3-817x1024.jpg\" alt=\"\" class=\"wp-image-5576\" srcset=\"https:\/\/zonaroja.com.mx\/wp-content\/uploads\/2019\/11\/Masacre-polic\u00edas-Coatl\u00e1n-3-817x1024.jpg 817w, https:\/\/zonaroja.com.mx\/wp-content\/uploads\/2019\/11\/Masacre-polic\u00edas-Coatl\u00e1n-3-239x300.jpg 239w, https:\/\/zonaroja.com.mx\/wp-content\/uploads\/2019\/11\/Masacre-polic\u00edas-Coatl\u00e1n-3-768x963.jpg 768w, https:\/\/zonaroja.com.mx\/wp-content\/uploads\/2019\/11\/Masacre-polic\u00edas-Coatl\u00e1n-3-585x733.jpg 585w, https:\/\/zonaroja.com.mx\/wp-content\/uploads\/2019\/11\/Masacre-polic\u00edas-Coatl\u00e1n-3.jpg 1021w\" sizes=\"(max-width: 817px) 100vw, 817px\" \/><\/figure>\n\n\n\n<p>PREV\u00c9N\nPROTESTAS<\/p>\n\n\n\n<p>Por\notra parte, a trav\u00e9s de redes sociales se difundieron diversos mensajes\npresuntamente de polic\u00edas estatales para condenar los hechos y exigir justicia\npor los hechos.<\/p>\n\n\n\n<p>Asimismo,\nculpar a los mandos por enviarlos a recorrer zonas de enorme peligro donde\npresuntamente hay siembra y trasiego de enervantes. Adem\u00e1s, criticaron a sus\nmandos de desconocer las regiones y las condiciones en que laboran los\nuniformados.<\/p>\n\n\n\n<p>\u201cCompa\u00f1ero\ntropero, con tus brazos ca\u00eddos demostrar\u00e1s el apoyo a nuestros hermanos ca\u00eddos\nen cumplimiento del deber y debemos estar unidos tras los d\u00edas de movilizaci\u00f3n\nen tu base, sector o regional o donde te encuentres adscrito, no salgas a\npatrullar.<\/p>\n\n\n\n<p>\u201cSi\nest\u00e1s en el cuartel mas no en oficina y de tropa, no salgas a patrullar porque\nest\u00e1s apoyando a esos mandos traidores, vendidos con el crimen organizado y la\ndelincuencia organizada.<\/p>\n\n\n\n<p>\u201cExijamos la destituci\u00f3n de estos mandos traidores judas, vendidos con criminales por unos cientos de miles de pesos\u2026\u201d, refiere parte de uno de los varios mensajes difundidos desde anoche.<\/p>\n\n\n\n<figure class=\"wp-block-image\"><img decoding=\"async\" width=\"1024\" height=\"768\" src=\"http:\/\/www.zonaroja.com.mx\/wp-content\/uploads\/2019\/11\/Masacre-polic\u00edas-Coatl\u00e1n-5-1024x768.jpg\" alt=\"\" class=\"wp-image-5577\" srcset=\"https:\/\/zonaroja.com.mx\/wp-content\/uploads\/2019\/11\/Masacre-polic\u00edas-Coatl\u00e1n-5-1024x768.jpg 1024w, https:\/\/zonaroja.com.mx\/wp-content\/uploads\/2019\/11\/Masacre-polic\u00edas-Coatl\u00e1n-5-300x225.jpg 300w, https:\/\/zonaroja.com.mx\/wp-content\/uploads\/2019\/11\/Masacre-polic\u00edas-Coatl\u00e1n-5-768x576.jpg 768w, https:\/\/zonaroja.com.mx\/wp-content\/uploads\/2019\/11\/Masacre-polic\u00edas-Coatl\u00e1n-5-585x439.jpg 585w, https:\/\/zonaroja.com.mx\/wp-content\/uploads\/2019\/11\/Masacre-polic\u00edas-Coatl\u00e1n-5.jpg 1032w\" sizes=\"(max-width: 1024px) 100vw, 1024px\" \/><\/figure>\n","protected":false},"excerpt":{"rendered":"<p>Redacci\u00f3n\/Zona Roja. Oaxaca de Ju\u00e1rez, Oax., 9 de noviembre de 2019.- La Secretar\u00eda de Seguridad&hellip;<\/p>\n","protected":false},"author":2,"featured_media":5578,"comment_status":"closed","ping_status":"open","sticky":false,"template":"","format":"standard","meta":{"_lmt_disableupdate":"","_lmt_disable":"","_jetpack_memberships_contains_paid_content":false,"footnotes":""},"categories":[109,51],"tags":[981],"class_list":["post-5574","post","type-post","status-publish","format-standard","has-post-thumbnail","hentry","category-minuto-a-minuto","category-zona-roja","tag-emboscada-policias-san-vicente-coatlan"],"jetpack_featured_media_url":"https:\/\/zonaroja.com.mx\/wp-content\/uploads\/2019\/11\/Masacre-polic\u00edas-Coatl\u00e1n-4.jpg","jetpack_sharing_enabled":true,"_links":{"self":[{"href":"https:\/\/zonaroja.com.mx\/index.php?rest_route=\/wp\/v2\/posts\/5574","targetHints":{"allow":["GET"]}}],"collection":[{"href":"https:\/\/zonaroja.com.mx\/index.php?rest_route=\/wp\/v2\/posts"}],"about":[{"href":"https:\/\/zonaroja.com.mx\/index.php?rest_route=\/wp\/v2\/types\/post"}],"author":[{"embeddable":true,"href":"https:\/\/zonaroja.com.mx\/index.php?rest_route=\/wp\/v2\/users\/2"}],"replies":[{"embeddable":true,"href":"https:\/\/zonaroja.com.mx\/index.php?rest_route=%2Fwp%2Fv2%2Fcomments&post=5574"}],"version-history":[{"count":2,"href":"https:\/\/zonaroja.com.mx\/index.php?rest_route=\/wp\/v2\/posts\/5574\/revisions"}],"predecessor-version":[{"id":5580,"href":"https:\/\/zonaroja.com.mx\/index.php?rest_route=\/wp\/v2\/posts\/5574\/revisions\/5580"}],"wp:featuredmedia":[{"embeddable":true,"href":"https:\/\/zonaroja.com.mx\/index.php?rest_route=\/wp\/v2\/media\/5578"}],"wp:attachment":[{"href":"https:\/\/zonaroja.com.mx\/index.php?rest_route=%2Fwp%2Fv2%2Fmedia&parent=5574"}],"wp:term":[{"taxonomy":"category","embeddable":true,"href":"https:\/\/zonaroja.com.mx\/index.php?rest_route=%2Fwp%2Fv2%2Fcategories&post=5574"},{"taxonomy":"post_tag","embeddable":true,"href":"https:\/\/zonaroja.com.mx\/index.php?rest_route=%2Fwp%2Fv2%2Ftags&post=5574"}],"curies":[{"name":"wp","href":"https:\/\/api.w.org\/{rel}","templated":true}]}}