{"id":55749,"date":"2023-05-27T17:26:02","date_gmt":"2023-05-27T22:26:02","guid":{"rendered":"http:\/\/www.zonaroja.com.mx\/?p=55749"},"modified":"2023-05-27T17:26:03","modified_gmt":"2023-05-27T22:26:03","slug":"fiscal-de-oaxaca-designa-a-nuevo-vicefiscal-regional-del-istmo-4","status":"publish","type":"post","link":"https:\/\/zonaroja.com.mx\/?p=55749","title":{"rendered":"Fiscal de Oaxaca designa a nuevo vicefiscal Regional del Istmo"},"content":{"rendered":"\n<p>Redacci\u00f3n\/Zona Roja.&nbsp;<\/p>\n\n\n\n<p>Oaxaca de Ju\u00e1rez, Oax., a 27 de mayo de 2023.- El fiscal General del Estado de Oaxaca, Bernardo Rodr\u00edguez Alamilla, tom\u00f3 protesta a Carlos Reyes S\u00e1nchez como nuevo vicefiscal Regional del Istmo, en el marco de una estrategia integral de reingenier\u00eda institucional.<\/p>\n\n\n\n<p>Durante el acto protocolario realizado en el edificio Jes\u00fas \u00abChu\u00bb Rasgado de Ciudad Judicial, Rodr\u00edguez Alamilla exhort\u00f3 al servidor p\u00fablico reci\u00e9n nombrado a conducirse bajo los principios de responsabilidad, probidad y profesionalismo, a fin de fortalecer el sistema estatal de procuraci\u00f3n de justicia.<\/p>\n\n\n\n<p>El nombramiento forma parte del proceso de reconfiguraci\u00f3n y fortalecimiento de las labores de investigaci\u00f3n y procuraci\u00f3n de justicia, a fin de brindar atenci\u00f3n con perspectiva victimol\u00f3gica, de g\u00e9nero y derechos humanos, a las personas v\u00edctimas de delitos y con ello, robustecer a la instituci\u00f3n con mejores resultados a favor de las y los oaxaque\u00f1os.<\/p>\n\n\n\n<p>\u00abLa reingenier\u00eda institucional que se ha puesto en marcha en la Fiscal\u00eda General de Oaxaca implica un proceso de reestructuraci\u00f3n de personal, pero tambi\u00e9n de una forma distinta de entender y atender a la sociedad que es v\u00edctima de alg\u00fan delito\u00bb, apunt\u00f3 Rodr\u00edguez Alamilla.<\/p>\n\n\n\n<p>Por su parte, Reyes S\u00e1nchez agradeci\u00f3 la confianza otorgada para asumir el encargo y refrend\u00f3 su compromiso para atender las necesidades en materia de procuraci\u00f3n de justicia de la sociedad y espec\u00edficamente, de las y los habitantes del Istmo.<\/p>\n\n\n\n<p>El vicefiscal Regional del Istmo es licenciado en Derecho, adem\u00e1s de contar con una Maestr\u00eda en Derecho Procesal Penal y Juicios Orales, ambas impartidas por la Universidad Regional del Sureste (Urse).<\/p>\n\n\n\n<p>En el \u00e1mbito laboral, tiene amplia experiencia en litigio, as\u00ed como en la administraci\u00f3n p\u00fablica, pues se ha desempe\u00f1ado como abogado postulante en materia penal, en el Sistema Penal Acusatorio Escrito y Oral; adem\u00e1s del servicio p\u00fablico municipal y derecho agrario.<\/p>\n","protected":false},"excerpt":{"rendered":"<p>Redacci\u00f3n\/Zona Roja.&nbsp; Oaxaca de Ju\u00e1rez, Oax., a 27 de mayo de 2023.- El fiscal General&hellip;<\/p>\n","protected":false},"author":2,"featured_media":55742,"comment_status":"closed","ping_status":"open","sticky":false,"template":"","format":"standard","meta":{"_lmt_disableupdate":"","_lmt_disable":"","_jetpack_memberships_contains_paid_content":false,"footnotes":""},"categories":[109,46],"tags":[],"class_list":["post-55749","post","type-post","status-publish","format-standard","has-post-thumbnail","hentry","category-minuto-a-minuto","category-zona-blanca"],"jetpack_featured_media_url":"https:\/\/zonaroja.com.mx\/wp-content\/uploads\/2023\/05\/img_0107-1.jpg","jetpack_sharing_enabled":true,"_links":{"self":[{"href":"https:\/\/zonaroja.com.mx\/index.php?rest_route=\/wp\/v2\/posts\/55749","targetHints":{"allow":["GET"]}}],"collection":[{"href":"https:\/\/zonaroja.com.mx\/index.php?rest_route=\/wp\/v2\/posts"}],"about":[{"href":"https:\/\/zonaroja.com.mx\/index.php?rest_route=\/wp\/v2\/types\/post"}],"author":[{"embeddable":true,"href":"https:\/\/zonaroja.com.mx\/index.php?rest_route=\/wp\/v2\/users\/2"}],"replies":[{"embeddable":true,"href":"https:\/\/zonaroja.com.mx\/index.php?rest_route=%2Fwp%2Fv2%2Fcomments&post=55749"}],"version-history":[{"count":1,"href":"https:\/\/zonaroja.com.mx\/index.php?rest_route=\/wp\/v2\/posts\/55749\/revisions"}],"predecessor-version":[{"id":55750,"href":"https:\/\/zonaroja.com.mx\/index.php?rest_route=\/wp\/v2\/posts\/55749\/revisions\/55750"}],"wp:featuredmedia":[{"embeddable":true,"href":"https:\/\/zonaroja.com.mx\/index.php?rest_route=\/wp\/v2\/media\/55742"}],"wp:attachment":[{"href":"https:\/\/zonaroja.com.mx\/index.php?rest_route=%2Fwp%2Fv2%2Fmedia&parent=55749"}],"wp:term":[{"taxonomy":"category","embeddable":true,"href":"https:\/\/zonaroja.com.mx\/index.php?rest_route=%2Fwp%2Fv2%2Fcategories&post=55749"},{"taxonomy":"post_tag","embeddable":true,"href":"https:\/\/zonaroja.com.mx\/index.php?rest_route=%2Fwp%2Fv2%2Ftags&post=55749"}],"curies":[{"name":"wp","href":"https:\/\/api.w.org\/{rel}","templated":true}]}}