{"id":55751,"date":"2023-05-27T19:52:05","date_gmt":"2023-05-28T00:52:05","guid":{"rendered":"http:\/\/www.zonaroja.com.mx\/?p=55751"},"modified":"2023-05-27T19:52:06","modified_gmt":"2023-05-28T00:52:06","slug":"ejecutan-a-individuo-en-central-de-abasto-de-la-ciudad-de-oaxaca","status":"publish","type":"post","link":"https:\/\/zonaroja.com.mx\/?p=55751","title":{"rendered":"Ejecutan a individuo en Central de Abasto de la ciudad de Oaxaca"},"content":{"rendered":"\n<p>Ismael Garc\u00eda M.\/Zona Roja.<\/p>\n\n\n\n<p>Oaxaca de Ju\u00e1rez, Oax., a 27 de mayo de 2023.- En el marco de la visita del Presidente Andr\u00e9s Manuel L\u00f3pez Obrador a Oaxaca, una persona fue asesinada a balazos en la capital del estado.<\/p>\n\n\n\n<p>El crimen ocurri\u00f3 la tarde de hoy en la carretera de la ribera del r\u00edo \u201cAtoyac\u201d, en la zona poniente de la Central de Abasto, donde se concentran las bodegas de frutas.<\/p>\n\n\n\n<p>Un sujeto armado dispar\u00f3 directamente contra la v\u00edctima, que fue identificada como Vicente J. C., de 38 a\u00f1os de edad, quien muri\u00f3 al instante en el sitio.<\/p>\n\n\n\n<p>Param\u00e9dicos arribaron al sitio para brindar los primeros auxilios, pero corroboraron que la persona ya no contaba con signos vitales.<\/p>\n\n\n\n<p>El crimen ocurre tambi\u00e9n en el d\u00eda de mayor venta en la Central de Abasto, uno de los sitios comerciales de mayor concentraci\u00f3n de vendedores y de clientes y donde, pese a ello, no hab\u00eda polic\u00edas municipales en la zona para detener al presunto delincuente.<\/p>\n\n\n\n<p>En tanto que la Fiscal\u00eda General del Estado de Oaxaca envi\u00f3 a personal ministerial y peritos para iniciar las indagatorias correspondientes.<\/p>\n\n\n\n<p>ASALTO VIOLENTO<\/p>\n\n\n\n<p>Por otra parte, anoche en el municipio de Salina Cruz se registr\u00f3 un asalto violento a un domicilio particular ubicado en la colonia San Pablo Sur.<\/p>\n\n\n\n<p>Sujetos armados ingresaron y amagaron a los ocupantes, a quienes adem\u00e1s amarraron y encerraron en un cuarto, tras lo cual se apoderaron de diversos bienes y huyeron.<\/p>\n\n\n\n<p>Elementos policiacos arribaron tarde al lugar del delito y no pudieron detener a ninguna persona, pese a los operativos de b\u00fasqueda.<\/p>\n","protected":false},"excerpt":{"rendered":"<p>Ismael Garc\u00eda M.\/Zona Roja. Oaxaca de Ju\u00e1rez, Oax., a 27 de mayo de 2023.- En&hellip;<\/p>\n","protected":false},"author":2,"featured_media":55753,"comment_status":"closed","ping_status":"open","sticky":false,"template":"","format":"standard","meta":{"_lmt_disableupdate":"","_lmt_disable":"","_jetpack_memberships_contains_paid_content":false,"footnotes":""},"categories":[109,51],"tags":[148],"class_list":["post-55751","post","type-post","status-publish","format-standard","has-post-thumbnail","hentry","category-minuto-a-minuto","category-zona-roja","tag-oaxaca-de-juarez"],"jetpack_featured_media_url":"https:\/\/zonaroja.com.mx\/wp-content\/uploads\/2023\/05\/Asesinado-ciudad-de-Oaxaca.jpg","jetpack_sharing_enabled":true,"_links":{"self":[{"href":"https:\/\/zonaroja.com.mx\/index.php?rest_route=\/wp\/v2\/posts\/55751","targetHints":{"allow":["GET"]}}],"collection":[{"href":"https:\/\/zonaroja.com.mx\/index.php?rest_route=\/wp\/v2\/posts"}],"about":[{"href":"https:\/\/zonaroja.com.mx\/index.php?rest_route=\/wp\/v2\/types\/post"}],"author":[{"embeddable":true,"href":"https:\/\/zonaroja.com.mx\/index.php?rest_route=\/wp\/v2\/users\/2"}],"replies":[{"embeddable":true,"href":"https:\/\/zonaroja.com.mx\/index.php?rest_route=%2Fwp%2Fv2%2Fcomments&post=55751"}],"version-history":[{"count":1,"href":"https:\/\/zonaroja.com.mx\/index.php?rest_route=\/wp\/v2\/posts\/55751\/revisions"}],"predecessor-version":[{"id":55754,"href":"https:\/\/zonaroja.com.mx\/index.php?rest_route=\/wp\/v2\/posts\/55751\/revisions\/55754"}],"wp:featuredmedia":[{"embeddable":true,"href":"https:\/\/zonaroja.com.mx\/index.php?rest_route=\/wp\/v2\/media\/55753"}],"wp:attachment":[{"href":"https:\/\/zonaroja.com.mx\/index.php?rest_route=%2Fwp%2Fv2%2Fmedia&parent=55751"}],"wp:term":[{"taxonomy":"category","embeddable":true,"href":"https:\/\/zonaroja.com.mx\/index.php?rest_route=%2Fwp%2Fv2%2Fcategories&post=55751"},{"taxonomy":"post_tag","embeddable":true,"href":"https:\/\/zonaroja.com.mx\/index.php?rest_route=%2Fwp%2Fv2%2Ftags&post=55751"}],"curies":[{"name":"wp","href":"https:\/\/api.w.org\/{rel}","templated":true}]}}