{"id":55755,"date":"2023-05-27T20:40:51","date_gmt":"2023-05-28T01:40:51","guid":{"rendered":"http:\/\/www.zonaroja.com.mx\/?p=55755"},"modified":"2023-05-27T20:40:53","modified_gmt":"2023-05-28T01:40:53","slug":"dictan-prision-preventiva-a-presunto-violador-de-menor-en-oaxaca","status":"publish","type":"post","link":"https:\/\/zonaroja.com.mx\/?p=55755","title":{"rendered":"Dictan prisi\u00f3n preventiva a presunto violador de menor en Oaxaca"},"content":{"rendered":"\n<p>Redacci\u00f3n\/Zona Roja.<\/p>\n\n\n\n<p>Oaxaca de Ju\u00e1rez, Oax., a 27 de mayo de 2023.- Tras su detenci\u00f3n, un sujeto fue enviado a prisi\u00f3n preventiva acusado del delito de violaci\u00f3n de una menor de 14 a\u00f1os de edad en Oaxaca.<\/p>\n\n\n\n<p>Se trata del individuo identificado con las iniciales J. J. E. H., quien habr\u00eda abusado sexualmente de su familiar durante cuatro a\u00f1os, en el municipio de Tamazul\u00e1pam del Progreso, en la regi\u00f3n Mixteca.<\/p>\n\n\n\n<p>Anoche colectivos feministas montaron guardia en la sede de la Fiscal\u00eda Especializada de Atenci\u00f3n a Delitos contra la Mujer, en el centro de la ciudad de Oaxaca, para exigir todo el peso de la ley en contra del sujeto.<\/p>\n\n\n\n<p>De la misma manera, la Secci\u00f3n 22 del SNTE emiti\u00f3 hoy un comunicado en que pidi\u00f3 a la Fiscal\u00eda General una actuaci\u00f3n apegada a un proceso imparcial, veraz y eficaz en la imputaci\u00f3n en contra de J. J. E. H., \u201cpresunto agresor sexual de una menor de edad, hija de una compa\u00f1era de este movimiento\u201d.<\/p>\n\n\n\n<p>Emplaz\u00f3 igualmente a que se lleve un proceso transparente y apegado a la causa penal 174\/2023, \u201cante los vicios que se puedan presentar en el proceso por influyentismo\u201d.<\/p>\n\n\n\n<p>En tanto, la Fiscal\u00eda General puso a disposici\u00f3n de un juez al imputado de abuso sexual agravado y violaci\u00f3n cometido contra la adolescente de iniciales E. C. R. Z., quien se acogi\u00f3 a la aplicaci\u00f3n del t\u00e9rmino constitucional, mismo que fenece el 1 de junio pr\u00f3ximo.<\/p>\n\n\n\n<p>En tanto, el juez de la causa determin\u00f3 dictar la medida cautelar de prisi\u00f3n preventiva oficiosa de manera provisional.<\/p>\n\n\n\n<p>Antes de ello, otro grupo de mujeres hab\u00eda demandado al Poder Judicial tambi\u00e9n evitar influyentismos y favorecer al acusado, quien fue detenido el pasado domingo en el barrio de Jalatlaco de la capital oaxaque\u00f1a, luego que su concubina pidi\u00f3 la ayuda de la polic\u00eda municipal.<\/p>\n","protected":false},"excerpt":{"rendered":"<p>Redacci\u00f3n\/Zona Roja. Oaxaca de Ju\u00e1rez, Oax., a 27 de mayo de 2023.- Tras su detenci\u00f3n,&hellip;<\/p>\n","protected":false},"author":2,"featured_media":55756,"comment_status":"closed","ping_status":"open","sticky":false,"template":"","format":"standard","meta":{"_lmt_disableupdate":"","_lmt_disable":"","_jetpack_memberships_contains_paid_content":false,"footnotes":""},"categories":[109,47],"tags":[494],"class_list":["post-55755","post","type-post","status-publish","format-standard","has-post-thumbnail","hentry","category-minuto-a-minuto","category-zona-gris","tag-fiscalia-general-del-estado-de-oaxaca"],"jetpack_featured_media_url":"https:\/\/zonaroja.com.mx\/wp-content\/uploads\/2023\/05\/presunto-violador-Tamazulapam.jpeg","jetpack_sharing_enabled":true,"_links":{"self":[{"href":"https:\/\/zonaroja.com.mx\/index.php?rest_route=\/wp\/v2\/posts\/55755","targetHints":{"allow":["GET"]}}],"collection":[{"href":"https:\/\/zonaroja.com.mx\/index.php?rest_route=\/wp\/v2\/posts"}],"about":[{"href":"https:\/\/zonaroja.com.mx\/index.php?rest_route=\/wp\/v2\/types\/post"}],"author":[{"embeddable":true,"href":"https:\/\/zonaroja.com.mx\/index.php?rest_route=\/wp\/v2\/users\/2"}],"replies":[{"embeddable":true,"href":"https:\/\/zonaroja.com.mx\/index.php?rest_route=%2Fwp%2Fv2%2Fcomments&post=55755"}],"version-history":[{"count":1,"href":"https:\/\/zonaroja.com.mx\/index.php?rest_route=\/wp\/v2\/posts\/55755\/revisions"}],"predecessor-version":[{"id":55757,"href":"https:\/\/zonaroja.com.mx\/index.php?rest_route=\/wp\/v2\/posts\/55755\/revisions\/55757"}],"wp:featuredmedia":[{"embeddable":true,"href":"https:\/\/zonaroja.com.mx\/index.php?rest_route=\/wp\/v2\/media\/55756"}],"wp:attachment":[{"href":"https:\/\/zonaroja.com.mx\/index.php?rest_route=%2Fwp%2Fv2%2Fmedia&parent=55755"}],"wp:term":[{"taxonomy":"category","embeddable":true,"href":"https:\/\/zonaroja.com.mx\/index.php?rest_route=%2Fwp%2Fv2%2Fcategories&post=55755"},{"taxonomy":"post_tag","embeddable":true,"href":"https:\/\/zonaroja.com.mx\/index.php?rest_route=%2Fwp%2Fv2%2Ftags&post=55755"}],"curies":[{"name":"wp","href":"https:\/\/api.w.org\/{rel}","templated":true}]}}