{"id":55758,"date":"2023-05-28T07:51:08","date_gmt":"2023-05-28T12:51:08","guid":{"rendered":"http:\/\/www.zonaroja.com.mx\/?p=55758"},"modified":"2023-05-28T07:51:10","modified_gmt":"2023-05-28T12:51:10","slug":"confirma-la-seccion-22-va-el-paro-de-labores-por-tres-dias","status":"publish","type":"post","link":"https:\/\/zonaroja.com.mx\/?p=55758","title":{"rendered":"Confirma la Secci\u00f3n 22: va el paro de labores por tres d\u00edas"},"content":{"rendered":"\n<p>Ismael Garc\u00eda M.\/Zona Roja.<\/p>\n\n\n\n<p>Oaxaca de Ju\u00e1rez, Oax., a 28 de mayo de 2023.- La Asamblea Estatal Permanente de la Secci\u00f3n 22 del SNTE confirm\u00f3 el paro de labores de 72 horas, para los d\u00edas 7, 8 y 9 de junio; adem\u00e1s, sigue en an\u00e1lisis un paro un receso indefinido de clases.<\/p>\n\n\n\n<p>El m\u00e1ximo \u00f3rgano del magisterio se instal\u00f3 en el auditorio \u201cProf. Enedino Jim\u00e9nez Jim\u00e9nez\u201d a las 14:25 horas, encabezada por la secretaria General del Comit\u00e9 Ejecutivo Seccional, Yenny Aracely P\u00e9rez Mart\u00ednez, y se decret\u00f3 su receso a las 00:28 horas de este domingo.<\/p>\n\n\n\n<p>Entre otros acuerdos, a partir de ma\u00f1ana y hasta el 6 de junio realizar\u00e1 una jornada de brigadeo en todo el estado, para dar a conocer a los padres de familia las razones de movimiento y las suspensiones de clases.<\/p>\n\n\n\n<p>Adem\u00e1s, una comisi\u00f3n interdisciplinaria iniciar\u00e1 acercamientos con el Poder Legislativo de Oaxaca, para iniciar las reformas educativas pendientes, entre ellas la abrogaci\u00f3n del decreto del a\u00f1o 2015.<\/p>\n\n\n\n<p>De la misma manera, se acord\u00f3 intensificar las reuniones con el gobierno federal y el estatal, para agilizar la atenci\u00f3n a las demandas magisteriales tambi\u00e9n en. Materia legislativa.<\/p>\n\n\n\n<p>Asimismo, contin\u00faa en an\u00e1lisis de las bases la realizaci\u00f3n de un paro indefinido de labores, que ser\u00eda despu\u00e9s del paro de 72 horas y en caso de que no haya avances sustanciales en las mesas de di\u00e1logo con las autoridades.<\/p>\n\n\n\n<p>La Asamblea Estatal se mantiene en receso y podr\u00eda ser convocada en cualquier momento; las clases se reanudan este lunes sin ning\u00fan contratiempo pero paralelo a ello, el magisterio prev\u00e9 realizar diversas movilizaciones.<\/p>\n","protected":false},"excerpt":{"rendered":"<p>Ismael Garc\u00eda M.\/Zona Roja. Oaxaca de Ju\u00e1rez, Oax., a 28 de mayo de 2023.- La&hellip;<\/p>\n","protected":false},"author":2,"featured_media":55761,"comment_status":"closed","ping_status":"open","sticky":false,"template":"","format":"standard","meta":{"_lmt_disableupdate":"","_lmt_disable":"","_jetpack_memberships_contains_paid_content":false,"footnotes":""},"categories":[109,47],"tags":[312],"class_list":["post-55758","post","type-post","status-publish","format-standard","has-post-thumbnail","hentry","category-minuto-a-minuto","category-zona-gris","tag-seccion-22-del-snte"],"jetpack_featured_media_url":"https:\/\/zonaroja.com.mx\/wp-content\/uploads\/2023\/05\/Asamblea-Estatal-Seccion-22-1.jpg","jetpack_sharing_enabled":true,"_links":{"self":[{"href":"https:\/\/zonaroja.com.mx\/index.php?rest_route=\/wp\/v2\/posts\/55758","targetHints":{"allow":["GET"]}}],"collection":[{"href":"https:\/\/zonaroja.com.mx\/index.php?rest_route=\/wp\/v2\/posts"}],"about":[{"href":"https:\/\/zonaroja.com.mx\/index.php?rest_route=\/wp\/v2\/types\/post"}],"author":[{"embeddable":true,"href":"https:\/\/zonaroja.com.mx\/index.php?rest_route=\/wp\/v2\/users\/2"}],"replies":[{"embeddable":true,"href":"https:\/\/zonaroja.com.mx\/index.php?rest_route=%2Fwp%2Fv2%2Fcomments&post=55758"}],"version-history":[{"count":1,"href":"https:\/\/zonaroja.com.mx\/index.php?rest_route=\/wp\/v2\/posts\/55758\/revisions"}],"predecessor-version":[{"id":55762,"href":"https:\/\/zonaroja.com.mx\/index.php?rest_route=\/wp\/v2\/posts\/55758\/revisions\/55762"}],"wp:featuredmedia":[{"embeddable":true,"href":"https:\/\/zonaroja.com.mx\/index.php?rest_route=\/wp\/v2\/media\/55761"}],"wp:attachment":[{"href":"https:\/\/zonaroja.com.mx\/index.php?rest_route=%2Fwp%2Fv2%2Fmedia&parent=55758"}],"wp:term":[{"taxonomy":"category","embeddable":true,"href":"https:\/\/zonaroja.com.mx\/index.php?rest_route=%2Fwp%2Fv2%2Fcategories&post=55758"},{"taxonomy":"post_tag","embeddable":true,"href":"https:\/\/zonaroja.com.mx\/index.php?rest_route=%2Fwp%2Fv2%2Ftags&post=55758"}],"curies":[{"name":"wp","href":"https:\/\/api.w.org\/{rel}","templated":true}]}}