{"id":55763,"date":"2023-05-28T10:51:00","date_gmt":"2023-05-28T15:51:00","guid":{"rendered":"http:\/\/www.zonaroja.com.mx\/?p=55763"},"modified":"2023-05-28T11:17:12","modified_gmt":"2023-05-28T16:17:12","slug":"fortalece-gobierno-de-xoxocotlan-formacion-civica-en-nuevas-generaciones","status":"publish","type":"post","link":"https:\/\/zonaroja.com.mx\/?p=55763","title":{"rendered":"Fortalece gobierno de Xoxocotl\u00e1n formaci\u00f3n c\u00edvica en nuevas generaciones"},"content":{"rendered":"\n<p>Redacci\u00f3n\/Zona Roja.<\/p>\n\n\n\n<p>Oaxaca de Ju\u00e1rez, Oax., a 28 de mayo de 2023.- &nbsp;Alrededor de 300 ni\u00f1as, ni\u00f1os y adolescentes, provenientes de distintas comunidades de los Valles Centrales, se dieron cita este s\u00e1bado en la explanada del parque municipal de Santa Cruz Xoxocotl\u00e1n, para participar en el IV Encuentro de Bandas de Guerra organizado por el gobierno municipal que preside Inocente Castellanos Alejos, a trav\u00e9s del DIF Municipal a cargo de Eric Enmanuel Ortiz Hern\u00e1ndez.<\/p>\n\n\n\n<p>Fueron 13 las representaciones participantes en la actividad realizada con el prop\u00f3sito de fomentar, entre las nuevas generaciones, la educaci\u00f3n c\u00edvica y el fortalecimiento de valores que contribuyan a la paz social.<\/p>\n\n\n\n<p>Al dar la bienvenida, el titular del DIF Municipal, Eric Ortiz Hern\u00e1ndez, subray\u00f3 la importancia de que la sociedad, las instituciones educativas y los gobiernos, se unan en torno a la formaci\u00f3n c\u00edvica de las y los futuros ciudadanos, sobre todo en estos tiempos en que el pa\u00eds reclama paz.<\/p>\n\n\n\n<p>\u201cActividades como esta refuerzan nuestro esp\u00edritu patri\u00f3tico, promueven el amor a los s\u00edmbolos patrios, afianzan la identidad de las y los mexicanos y reafirman nuestra devoci\u00f3n al pa\u00eds.Tenemos que heredar a los que vienen detr\u00e1s una patria ordenada y digna\u201d, asever\u00f3 Ortiz Hern\u00e1ndez.<\/p>\n\n\n\n<figure class=\"wp-block-embed is-type-rich is-provider-twitter wp-block-embed-twitter\"><div class=\"wp-block-embed__wrapper\">\n<div class=\"twitter-tweet\"><blockquote class=\"twitter-tweet\" data-lang=\"es\"><p lang=\"es\" dir=\"ltr\">El presidente municipal de <a href=\"https:\/\/twitter.com\/GobXoxocotlan?ref_src=twsrc%5Etfw\">@GobXoxocotlan<\/a>, <a href=\"https:\/\/twitter.com\/DrCCastellanos?ref_src=twsrc%5Etfw\">@DrCCastellanos<\/a>, encabez\u00f3 hoy el IV Encuentro de Bandas de Guerra, donde participaron 13 agrupaciones de otras localidades, as\u00ed como elementos de la Guardia Nacional. <a href=\"https:\/\/t.co\/ySUcWmPS8T\">pic.twitter.com\/ySUcWmPS8T<\/a><\/p>&mdash; Zona Roja Oaxaca (@ZonaRoja_Oaxaca) <a href=\"https:\/\/twitter.com\/ZonaRoja_Oaxaca\/status\/1662544951744385029?ref_src=twsrc%5Etfw\">27 de mayo de 2023<\/a><\/blockquote><\/div>\n<\/div><\/figure>\n\n\n\n<p>RESPETO Y ORDEN<\/p>\n\n\n\n<p>El compa\u00f1erismo, valores y un profundo respeto a su patria es lo que mostraron las y los participantes en el IV Encuentro de Bandas de Guerra, algo que llam\u00f3 la atenci\u00f3n del primer concejal de Xoxocotl\u00e1n, quien destac\u00f3 su satisfacci\u00f3n por la gran convocatoria que se logr\u00f3 para esta actividad.<\/p>\n\n\n\n<p>En su intervenci\u00f3n, el edil \u201cChente\u201d Castellanos asever\u00f3 que los gobiernos est\u00e1n obligados, hoy m\u00e1s que nunca, a implementar actividades que coadyuven a la restituci\u00f3n de la paz, a partir del actuar responsable de su poblaci\u00f3n, fundado en valores c\u00edvicos que se traduzcan en actos de orgullo como la solidaridad en momentos dif\u00edciles, el respeto a los derechos humanos y el impulso al progreso de las comunidades.<\/p>\n\n\n\n<p>\u201cConstruir una patria democr\u00e1tica, ordenada y donde la sociedad logre una convivencia sana y pac\u00edfica implica ejercicios como este, en Xoxo sabemos que es imperante fomentar en las nuevas generaciones actividades que los formen con un alto sentido de servicio, compromiso y lealtad a sus comunidades, as\u00ed lo hacemos en mi gobierno\u201d, puntualiz\u00f3.<\/p>\n\n\n\n<p>En el IV Encuentro de Bandas de Guerra, participaron agrupaciones de instituciones educativas de los municipios de Ejutla de Crespo, Villa de Zaachila, San Dionicio Ocotl\u00e1n, San Sebasti\u00e1n Etla, San Andr\u00e9s Zautla, San Pedro Ixtlahuaca, Oaxaca de Ju\u00e1rez, San Antonio Arrazola, San Agust\u00edn Etla y Santa Cruz Xoxocotl\u00e1n.<\/p>\n","protected":false},"excerpt":{"rendered":"<p>Redacci\u00f3n\/Zona Roja. Oaxaca de Ju\u00e1rez, Oax., a 28 de mayo de 2023.- &nbsp;Alrededor de 300&hellip;<\/p>\n","protected":false},"author":2,"featured_media":55777,"comment_status":"closed","ping_status":"open","sticky":false,"template":"","format":"standard","meta":{"_lmt_disableupdate":"","_lmt_disable":"","_jetpack_memberships_contains_paid_content":false,"footnotes":""},"categories":[109,46],"tags":[],"class_list":["post-55763","post","type-post","status-publish","format-standard","has-post-thumbnail","hentry","category-minuto-a-minuto","category-zona-blanca"],"jetpack_featured_media_url":"https:\/\/zonaroja.com.mx\/wp-content\/uploads\/2023\/05\/img_0180.jpg","jetpack_sharing_enabled":true,"_links":{"self":[{"href":"https:\/\/zonaroja.com.mx\/index.php?rest_route=\/wp\/v2\/posts\/55763","targetHints":{"allow":["GET"]}}],"collection":[{"href":"https:\/\/zonaroja.com.mx\/index.php?rest_route=\/wp\/v2\/posts"}],"about":[{"href":"https:\/\/zonaroja.com.mx\/index.php?rest_route=\/wp\/v2\/types\/post"}],"author":[{"embeddable":true,"href":"https:\/\/zonaroja.com.mx\/index.php?rest_route=\/wp\/v2\/users\/2"}],"replies":[{"embeddable":true,"href":"https:\/\/zonaroja.com.mx\/index.php?rest_route=%2Fwp%2Fv2%2Fcomments&post=55763"}],"version-history":[{"count":2,"href":"https:\/\/zonaroja.com.mx\/index.php?rest_route=\/wp\/v2\/posts\/55763\/revisions"}],"predecessor-version":[{"id":55766,"href":"https:\/\/zonaroja.com.mx\/index.php?rest_route=\/wp\/v2\/posts\/55763\/revisions\/55766"}],"wp:featuredmedia":[{"embeddable":true,"href":"https:\/\/zonaroja.com.mx\/index.php?rest_route=\/wp\/v2\/media\/55777"}],"wp:attachment":[{"href":"https:\/\/zonaroja.com.mx\/index.php?rest_route=%2Fwp%2Fv2%2Fmedia&parent=55763"}],"wp:term":[{"taxonomy":"category","embeddable":true,"href":"https:\/\/zonaroja.com.mx\/index.php?rest_route=%2Fwp%2Fv2%2Fcategories&post=55763"},{"taxonomy":"post_tag","embeddable":true,"href":"https:\/\/zonaroja.com.mx\/index.php?rest_route=%2Fwp%2Fv2%2Ftags&post=55763"}],"curies":[{"name":"wp","href":"https:\/\/api.w.org\/{rel}","templated":true}]}}