{"id":55771,"date":"2023-05-28T09:00:00","date_gmt":"2023-05-28T14:00:00","guid":{"rendered":"http:\/\/www.zonaroja.com.mx\/?p=55771"},"modified":"2023-05-28T10:13:23","modified_gmt":"2023-05-28T15:13:23","slug":"ya-son-siete-jovenes-los-desaparecidos-en-central-telefonica-de-jalisco","status":"publish","type":"post","link":"https:\/\/zonaroja.com.mx\/?p=55771","title":{"rendered":"Ya son siete j\u00f3venes los desaparecidos en central telef\u00f3nica de Jalisco"},"content":{"rendered":"\n<p>Redacci\u00f3n\/Zona Roja Cdmx.<\/p>\n\n\n\n<p>Ciudad de M\u00e9xico, a 28 de mayo de 2023.- Suman siete personas desaparecidas que laboraban en un \u201ccall center\u201d de Zapopan, de las cuales se han presentado denuncias desde el 20 mayo, confirm\u00f3 la Fiscal\u00eda del Estado de Jalisco.<\/p>\n\n\n\n<p>Un comando armado habr\u00eda sustra\u00eddo al menos a tres personas del \u201ccall center\u201d ubicado en Jardines Vallarta.<\/p>\n\n\n\n<p>Ayer mismo se interpuso la s\u00e9ptima denuncia de desaparici\u00f3n, se trata de Jorge, quien junto a Carlos Benjam\u00edn, Arturo, Jes\u00fas, Mayra y los hermanos Itzel y Carlos David no han sido localizados. La dependencia se\u00f1al\u00f3 que se han recabado las denuncias de forma gradual.<\/p>\n\n\n\n<p>Las investigaciones por la desaparici\u00f3n de los siete j\u00f3venes contin\u00faan su curso.<\/p>\n\n\n\n<p>Gracias a videos obtenidos por el Escudo Urbano C5 y entrevistas con personas aleda\u00f1as a la zona se tiene el conocimiento que un comando armado sustrajo algunos trabajadores de dicho inmueble en la calle V\u00edctor Hugo, marcado con el n\u00famero 158.<\/p>\n\n\n\n<p>\u201cParte del trabajo que est\u00e1 realizando el personal del \u00e1rea es precisamente explotar todas las im\u00e1genes, tenemos algunas versiones por parte de algunas personas donde en efecto s\u00ed se refieren la participaci\u00f3n de sujetos armados en varios veh\u00edculos con un despliegue similar y con todas las caracter\u00edsticas del crimen organizado\u201d, dijo Luis Joaqu\u00edn M\u00e9ndez, Fiscal General de Jalisco.<\/p>\n\n\n\n<p>Alrededor de 100 elementos han realizado labores de rastreo en colonias de los municipios de Guadalajara, Tlajomulco, El Salto, Huaxtla y Zapopan.<\/p>\n\n\n\n<p>En el \u201ccall center\u201d de la colonia Jardines Universidad, se encontraron diversos indicios como \u201cmariguana, trozo de tela con mancha rojiza; cinchos de pl\u00e1stico, trapeador con manchas rojizas; documentos varios as\u00ed como pizarrones con anotaciones de nombres de personas de nacionalidad extranjera, anotaciones de membres\u00edas o tiempos compartidos y metas econ\u00f3micas a lograrse\u201d.<\/p>\n\n\n\n<p>Tal finca de la calle V\u00edctor Hugo \u201cno contaba con ninguna licencia para funcionamiento o giro comercial alguno, por lo que las actividades que en ella se estuvieran realizando, son fuera del marco de la legalidad\u201d.<\/p>\n\n\n\n<p>La dependencia inform\u00f3 que Luis Enrique \u201cN\u201d, quien es el arrendatario de la casa donde operaba el \u201ccall center\u201d, est\u00e1 siendo buscado para que comparezca.<\/p>\n\n\n\n<p>La Fiscal\u00eda estatal asegura que \u201cse ha informado a los familiares de manera oportuna, a quienes se les ha otorgado la atenci\u00f3n todos los d\u00edas desde que se inici\u00f3 la investigaci\u00f3n\u201d<\/p>\n\n\n\n<p>(Informaci\u00f3n de \u201cMilenio\u201d)<\/p>\n","protected":false},"excerpt":{"rendered":"<p>Redacci\u00f3n\/Zona Roja Cdmx. Ciudad de M\u00e9xico, a 28 de mayo de 2023.- Suman siete personas&hellip;<\/p>\n","protected":false},"author":2,"featured_media":55760,"comment_status":"closed","ping_status":"open","sticky":false,"template":"","format":"standard","meta":{"_lmt_disableupdate":"","_lmt_disable":"","_jetpack_memberships_contains_paid_content":false,"footnotes":""},"categories":[109,47],"tags":[2437],"class_list":["post-55771","post","type-post","status-publish","format-standard","has-post-thumbnail","hentry","category-minuto-a-minuto","category-zona-gris","tag-zapopan-jalisco"],"jetpack_featured_media_url":"https:\/\/zonaroja.com.mx\/wp-content\/uploads\/2023\/05\/Desaparecidos-Zapopan-Jalisco.jpeg","jetpack_sharing_enabled":true,"_links":{"self":[{"href":"https:\/\/zonaroja.com.mx\/index.php?rest_route=\/wp\/v2\/posts\/55771","targetHints":{"allow":["GET"]}}],"collection":[{"href":"https:\/\/zonaroja.com.mx\/index.php?rest_route=\/wp\/v2\/posts"}],"about":[{"href":"https:\/\/zonaroja.com.mx\/index.php?rest_route=\/wp\/v2\/types\/post"}],"author":[{"embeddable":true,"href":"https:\/\/zonaroja.com.mx\/index.php?rest_route=\/wp\/v2\/users\/2"}],"replies":[{"embeddable":true,"href":"https:\/\/zonaroja.com.mx\/index.php?rest_route=%2Fwp%2Fv2%2Fcomments&post=55771"}],"version-history":[{"count":1,"href":"https:\/\/zonaroja.com.mx\/index.php?rest_route=\/wp\/v2\/posts\/55771\/revisions"}],"predecessor-version":[{"id":55772,"href":"https:\/\/zonaroja.com.mx\/index.php?rest_route=\/wp\/v2\/posts\/55771\/revisions\/55772"}],"wp:featuredmedia":[{"embeddable":true,"href":"https:\/\/zonaroja.com.mx\/index.php?rest_route=\/wp\/v2\/media\/55760"}],"wp:attachment":[{"href":"https:\/\/zonaroja.com.mx\/index.php?rest_route=%2Fwp%2Fv2%2Fmedia&parent=55771"}],"wp:term":[{"taxonomy":"category","embeddable":true,"href":"https:\/\/zonaroja.com.mx\/index.php?rest_route=%2Fwp%2Fv2%2Fcategories&post=55771"},{"taxonomy":"post_tag","embeddable":true,"href":"https:\/\/zonaroja.com.mx\/index.php?rest_route=%2Fwp%2Fv2%2Ftags&post=55771"}],"curies":[{"name":"wp","href":"https:\/\/api.w.org\/{rel}","templated":true}]}}