{"id":55775,"date":"2023-05-28T14:26:00","date_gmt":"2023-05-28T19:26:00","guid":{"rendered":"http:\/\/www.zonaroja.com.mx\/?p=55775"},"modified":"2023-05-28T08:27:06","modified_gmt":"2023-05-28T13:27:06","slug":"concentra-oaxaca-la-mayor-incidencia-en-victimas-de-feminicidio-y-secuestro","status":"publish","type":"post","link":"https:\/\/zonaroja.com.mx\/?p=55775","title":{"rendered":"Concentra Oaxaca la mayor incidencia en v\u00edctimas de feminicidio y secuestro"},"content":{"rendered":"\n<p>Redacci\u00f3n\/Estado 20.<\/p>\n\n\n\n<p>Oaxaca de Ju\u00e1rez, Oax., a 28 de mayo de 2023.- Oaxaca se encuentra entre las cinco entidades del pa\u00eds que concentran el mayor n\u00famero de v\u00edctimas en los delitos de feminicidios y secuestros en el primer trimestre de 2023, seg\u00fan un estudio realizado por Causa en Com\u00fan.<\/p>\n\n\n\n<p>En los primeros tres meses del a\u00f1o, de acuerdo con esta organizaci\u00f3n no gubernamental, en el pa\u00eds se reportaron 227 v\u00edctimas de feminicidio, ocho por ciento menos que las reportadas en el mismo periodo en 2022. Los datos anuales de los casos de feminicidio muestran que en el a\u00f1o 2019 en M\u00e9xico se reportaron 973, en 2020 fueron 978, en 2021 aument\u00f3 a mil 4 y en 2022 se registraron oficialmente 968.<\/p>\n\n\n\n<p>Sobre la informaci\u00f3n gubernamental disponible, el Estado de M\u00e9xico ocupa el primer lugar por el n\u00famero de feminicidios registrados en el primer trimestre de 2023 con un total de 25; le siguen Oaxaca con 23 v\u00edctimas, Veracruz con 19, Nuevo Le\u00f3n con 15 y la Ciudad de M\u00e9xico con 14 v\u00edctimas.<\/p>\n\n\n\n<p>Los estados que reportaron las variaciones m\u00e1s significativas durante el periodo, en comparaci\u00f3n con los primeros tres meses de 2022, son Yucat\u00e1n con un incremento del 300%, Quintana Roo 150%, San Luis Potos\u00ed 100%, Sonora e Hidalgo 50%; mientras que Aguascalientes registr\u00f3 una disminuci\u00f3n del 80% y las entidades de Zacatecas, Chiapas, Quer\u00e9taro y Baja California Sur, una reducci\u00f3n del 100 por ciento.<\/p>\n\n\n\n<p>Causa en Com\u00fan advierte que en este delito se han presentado subregistros, en parte derivados de la falta de homologaci\u00f3n de su tipificaci\u00f3n en los c\u00f3digos penales estatales, lo que en s\u00ed mismo afecta la precisi\u00f3n de las estad\u00edsticas reportadas. En el periodo, hay 17 estados que reportaron disminuciones, siete de ellos iguales o superiores a 60%; adem\u00e1s, hay casos cuyos registros oficiales no concuerdan con los reportes hallados en medios de comunicaci\u00f3n locales, documentados en el estudio \u201cGaler\u00eda del horror. Atrocidades registradas en medios de comunicaci\u00f3n\u201d, de esta organizaci\u00f3n.<\/p>\n\n\n\n<p>Respecto al secuestro, detalla que en el pa\u00eds en el a\u00f1o 2019 se registraron mil 629 v\u00edctimas de secuestro, mil 47 en el 2020, 813 en el 2021 y 713 en el 2022.<\/p>\n\n\n\n<p>En los primeros tres meses de 2023 se registr\u00f3 una disminuci\u00f3n de 27% en el n\u00famero de v\u00edctimas reportadas respecto del mismo periodo de 2022.<\/p>\n\n\n\n<p>Por mayor n\u00famero de incidencia de v\u00edctimas de este delito, la Ciudad de M\u00e9xico ocup\u00f3 el primer lugar con un total de 40 v\u00edctimas; le siguen el Estado de M\u00e9xico con 25, Chihuahua con 18, Oaxaca con 12 y Tamaulipas con nueve v\u00edctimas.<\/p>\n\n\n\n<p>Los estados que reportaron las variaciones m\u00e1s significativas durante el periodo, en comparaci\u00f3n con los primeros tres meses de 2022, son Tamaulipas con un incremento de 200%, Ciudad de M\u00e9xico 186%, Sonora 100%, Oaxaca 20%; y entre los estados que reportaron una reducci\u00f3n, est\u00e1n Tlaxcala, Quintana Roo, Colima, Campeche y Aguascalientes con 100% de casos menos.<\/p>\n\n\n\n<p>En estos delitos, Causa en Com\u00fan tambi\u00e9n advierte un posible subregistro o un \u00abmaquillaje\u00bb en las cifras, porque el secuestro puede ser reclasificado en otras subcategor\u00edas, ya que forma parte de la secci\u00f3n de \u201cdelitos contra la libertad personal\u201d, junto con \u201crapto\u201d y \u201cv\u00edctimas por otros delitos que atentan contra la libertad personal\u201d.<\/p>\n","protected":false},"excerpt":{"rendered":"<p>Redacci\u00f3n\/Estado 20. Oaxaca de Ju\u00e1rez, Oax., a 28 de mayo de 2023.- Oaxaca se encuentra&hellip;<\/p>\n","protected":false},"author":2,"featured_media":55752,"comment_status":"closed","ping_status":"open","sticky":false,"template":"","format":"standard","meta":{"_lmt_disableupdate":"","_lmt_disable":"","_jetpack_memberships_contains_paid_content":false,"footnotes":""},"categories":[109,47],"tags":[964],"class_list":["post-55775","post","type-post","status-publish","format-standard","has-post-thumbnail","hentry","category-minuto-a-minuto","category-zona-gris","tag-violencia-oaxaca"],"jetpack_featured_media_url":"https:\/\/zonaroja.com.mx\/wp-content\/uploads\/2023\/05\/Plagio-secuestro-secuestrado-detenido.jpg","jetpack_sharing_enabled":true,"_links":{"self":[{"href":"https:\/\/zonaroja.com.mx\/index.php?rest_route=\/wp\/v2\/posts\/55775","targetHints":{"allow":["GET"]}}],"collection":[{"href":"https:\/\/zonaroja.com.mx\/index.php?rest_route=\/wp\/v2\/posts"}],"about":[{"href":"https:\/\/zonaroja.com.mx\/index.php?rest_route=\/wp\/v2\/types\/post"}],"author":[{"embeddable":true,"href":"https:\/\/zonaroja.com.mx\/index.php?rest_route=\/wp\/v2\/users\/2"}],"replies":[{"embeddable":true,"href":"https:\/\/zonaroja.com.mx\/index.php?rest_route=%2Fwp%2Fv2%2Fcomments&post=55775"}],"version-history":[{"count":1,"href":"https:\/\/zonaroja.com.mx\/index.php?rest_route=\/wp\/v2\/posts\/55775\/revisions"}],"predecessor-version":[{"id":55776,"href":"https:\/\/zonaroja.com.mx\/index.php?rest_route=\/wp\/v2\/posts\/55775\/revisions\/55776"}],"wp:featuredmedia":[{"embeddable":true,"href":"https:\/\/zonaroja.com.mx\/index.php?rest_route=\/wp\/v2\/media\/55752"}],"wp:attachment":[{"href":"https:\/\/zonaroja.com.mx\/index.php?rest_route=%2Fwp%2Fv2%2Fmedia&parent=55775"}],"wp:term":[{"taxonomy":"category","embeddable":true,"href":"https:\/\/zonaroja.com.mx\/index.php?rest_route=%2Fwp%2Fv2%2Fcategories&post=55775"},{"taxonomy":"post_tag","embeddable":true,"href":"https:\/\/zonaroja.com.mx\/index.php?rest_route=%2Fwp%2Fv2%2Ftags&post=55775"}],"curies":[{"name":"wp","href":"https:\/\/api.w.org\/{rel}","templated":true}]}}