{"id":55779,"date":"2023-05-28T17:52:13","date_gmt":"2023-05-28T22:52:13","guid":{"rendered":"http:\/\/www.zonaroja.com.mx\/?p=55779"},"modified":"2023-05-28T17:52:30","modified_gmt":"2023-05-28T22:52:30","slug":"manifestantes-a-favor-de-la-corte-se-enfrentan-a-simpatizantes-de-morena-quitan-planton-frente-a-la-scjn","status":"publish","type":"post","link":"https:\/\/zonaroja.com.mx\/?p=55779","title":{"rendered":"Manifestantes a favor de la Corte se enfrentan a simpatizantes de Morena: quitan plant\u00f3n frente a la SCJN"},"content":{"rendered":"\n<p>Redacci\u00f3n\/Zona Roja Cdmx.<\/p>\n\n\n\n<p>Ciudad de M\u00e9xico, a 28 de mayo de 2023.- Entre empujones, gritos y una batalla de botellas y tierra los manifestantes que participan en la marcha en defensa de la Suprema Corte de Justicia de la Naci\u00f3n (SCJN) se enfrentan a simpatizantes de Morena que mantienen plant\u00f3n frente a la Corte desde hace algunas semanas.<\/p>\n\n\n\n<p>Los manifestantes en defensa de la Suprema Corte, desmantelaron el campamento instalado enfrente del M\u00e1ximo Tribunal, y tambi\u00e9n quitaron algunas de las pancartas con consignas en contra de la ministra presidenta, Norma Pi\u00f1a y los dem\u00e1s integrantes de la SCJN.<\/p>\n\n\n\n<p>Entre gritos de \u201cS\u00ed se pudo\u201d, los manifestantes a favor de la Corte, vestidos de blanco retiraron a los simpatizantes de Morena, que se mantienen en la entrada de la Suprema Corte de Justicia de la Naci\u00f3n.<\/p>\n\n\n\n<p>Durante el enfrentamiento, intervinieron algunos elementos de la Secretar\u00f1\u00eda de Seguridad Ciudadana (SCJN) para evitar las agresiones f\u00edsicas entre los manifestantes y las personas que se manten\u00edan el plant\u00f3n desde hace casi 2 meses.<\/p>\n\n\n\n<p>La ma\u00f1ana de este domingo 28 de mayo, cientos de manifestantes arrancaron desde el Monumento a la Revoluci\u00f3n una marcha para expresar su apoyo hacia la Suprema Corte de Justicia de la Naci\u00f3n ante los embates del presidente Andr\u00e9s Manuel L\u00f3pez Obrador.<\/p>\n\n\n\n<p>Vestidas de blanco y portando mantas y carteles con mensajes a favor de la Corte, acudieron al monumento para de ah\u00ed trasladarse hacia la Plaza de la Constituci\u00f3n, tambi\u00e9n conocida como Z\u00f3calo y realizar un mitin.<\/p>\n\n\n\n<p>Entre las organizaciones que llamaron a la marcha fueron Chalecos M\u00e9xico, Democracia M\u00e9xico, Uni\u00f3n Nacional Sinarquista, Acci\u00f3n Civil Mexicana, entre otras. <\/p>\n\n\n\n<p>Misma que se da tras la manifestaci\u00f3n encabezada por Cuitl\u00e1huac Garc\u00eda, gobernador de Veracruz, donde aparecieron los pol\u00e9micos ata\u00fades con los nombres e im\u00e1genes de las y los ministros de la SCJN.<\/p>\n\n\n\n<p>(Informaci\u00f3n de Expansi\u00f3n Pol\u00edtica)<\/p>\n","protected":false},"excerpt":{"rendered":"<p>Redacci\u00f3n\/Zona Roja Cdmx. Ciudad de M\u00e9xico, a 28 de mayo de 2023.- Entre empujones, gritos&hellip;<\/p>\n","protected":false},"author":2,"featured_media":55778,"comment_status":"closed","ping_status":"open","sticky":false,"template":"","format":"standard","meta":{"_lmt_disableupdate":"","_lmt_disable":"","_jetpack_memberships_contains_paid_content":false,"footnotes":""},"categories":[109,47],"tags":[],"class_list":["post-55779","post","type-post","status-publish","format-standard","has-post-thumbnail","hentry","category-minuto-a-minuto","category-zona-gris"],"jetpack_featured_media_url":"https:\/\/zonaroja.com.mx\/wp-content\/uploads\/2023\/05\/img_0236.jpg","jetpack_sharing_enabled":true,"_links":{"self":[{"href":"https:\/\/zonaroja.com.mx\/index.php?rest_route=\/wp\/v2\/posts\/55779","targetHints":{"allow":["GET"]}}],"collection":[{"href":"https:\/\/zonaroja.com.mx\/index.php?rest_route=\/wp\/v2\/posts"}],"about":[{"href":"https:\/\/zonaroja.com.mx\/index.php?rest_route=\/wp\/v2\/types\/post"}],"author":[{"embeddable":true,"href":"https:\/\/zonaroja.com.mx\/index.php?rest_route=\/wp\/v2\/users\/2"}],"replies":[{"embeddable":true,"href":"https:\/\/zonaroja.com.mx\/index.php?rest_route=%2Fwp%2Fv2%2Fcomments&post=55779"}],"version-history":[{"count":1,"href":"https:\/\/zonaroja.com.mx\/index.php?rest_route=\/wp\/v2\/posts\/55779\/revisions"}],"predecessor-version":[{"id":55780,"href":"https:\/\/zonaroja.com.mx\/index.php?rest_route=\/wp\/v2\/posts\/55779\/revisions\/55780"}],"wp:featuredmedia":[{"embeddable":true,"href":"https:\/\/zonaroja.com.mx\/index.php?rest_route=\/wp\/v2\/media\/55778"}],"wp:attachment":[{"href":"https:\/\/zonaroja.com.mx\/index.php?rest_route=%2Fwp%2Fv2%2Fmedia&parent=55779"}],"wp:term":[{"taxonomy":"category","embeddable":true,"href":"https:\/\/zonaroja.com.mx\/index.php?rest_route=%2Fwp%2Fv2%2Fcategories&post=55779"},{"taxonomy":"post_tag","embeddable":true,"href":"https:\/\/zonaroja.com.mx\/index.php?rest_route=%2Fwp%2Fv2%2Ftags&post=55779"}],"curies":[{"name":"wp","href":"https:\/\/api.w.org\/{rel}","templated":true}]}}