{"id":55782,"date":"2023-05-28T20:20:03","date_gmt":"2023-05-29T01:20:03","guid":{"rendered":"http:\/\/www.zonaroja.com.mx\/?p=55782"},"modified":"2023-05-28T20:20:05","modified_gmt":"2023-05-29T01:20:05","slug":"opinion-y-sin-embargo-el-sur-resiste-v","status":"publish","type":"post","link":"https:\/\/zonaroja.com.mx\/?p=55782","title":{"rendered":"Opini\u00f3n. Y sin embargo, el sur resiste V"},"content":{"rendered":"\n<p>Diego Enrique Osorno*<\/p>\n\n\n\n<p>En su andar, la caravana El Sur Resiste&nbsp;fue sumando participantes de los pueblos y ciudades en los que se deten\u00eda. As\u00ed fue como se sum\u00f3 Chirro, un joven de la comunidad ind\u00edgena de Oteapan, Veracruz, quien tom\u00f3 la palabra en Valladolid, Yucat\u00e1n, para dar un mensaje al final de la marcha por el centro de la ciudad peninsular.<\/p>\n\n\n\n<p>\u201cSi no tenemos el territorio, no vamos a poder cuidarlo, pero yo les vengo a decir que no se desesperen. Como pueblo hay que resistir, porque la selva siempre reto\u00f1a, porque los escarabajos y todos los animalitos buscan su vida en los troncos secos. Pueden querer llenarnos de concreto, pero la naturaleza siempre se defiende y los pueblos somos esa naturaleza defendi\u00e9ndose: nosotros somos la monta\u00f1a, nosotros somos el agua, nosotros somos los animales, nosotros podemos ser la voz de las abejas, de la selva y de todo lo que habita\u201d.<\/p>\n\n\n\n<p>Su participaci\u00f3n fue uno de los momentos resaltados de manera especial en el comunicado del d\u00eda siete&nbsp;del recorrido, difundido en www.elsuresiste.org. Al t\u00e9rmino del mitin, los caravanistas departieron cochinita pibil.<\/p>\n\n\n\n<p>TREN MILITAR<\/p>\n\n\n\n<p>Antes de que hablara Chirro, por la ma\u00f1ana de ese d\u00eda, integrantes del espacio cultural y de derechos humanos, Casa Colibr\u00ed, realizaron un ritual con la caravana reci\u00e9n llegada en honor de los defensores y defensoras de la tierra asesinados en M\u00e9xico, as\u00ed como tambi\u00e9n en reconocimiento a las infancias actuales, por quienes luchan la mayor\u00eda de los participantes de esta iniciativa impulsada por el Congreso Nacional Ind\u00edgena (CNI) y otras organizaciones.&nbsp;<\/p>\n\n\n\n<p>\u201cHoy me comprometo a que mis acciones como adulto marquen una diferencia para las infancias, en donde el valor de nuestra tierra y nuestra cultura no tiene precio, simplemente no est\u00e1 a la venta\u201d, fue una de las expresiones pronunciadas.<\/p>\n\n\n\n<p>Ya despu\u00e9s comenz\u00f3 la marcha por el centro valladolidense, con consignas como: \u201c\u00a1selva s\u00ed, tren no!, \u00a1agua s\u00ed, tren no!, \u00a1los cenotes no se venden, se aman y se defienden!, \u00a1ese tren no es Maya, ese tren es militar!\u201d.<\/p>\n\n\n\n<p>Gentrificaci\u00f3n y tala&nbsp;<\/p>\n\n\n\n<p>Diversos representantes de las comunidades peninsulares de la regi\u00f3n tomaron la palabra antes de que hablara Chirro, para denunciar despojos, contaminaci\u00f3n y violencia. Los caravanistas elaboraron una relator\u00eda dividida por territorios, la cual permite entender algunos de los primeros efectos de los megaproyectos oficiales:<\/p>\n\n\n\n<p>-Valladolid, Yucat\u00e1n: La gentrificaci\u00f3n urbana ha vuelto imposible a las nuevas generaciones locales comprar o adquirir un terreno en la ciudad, violando as\u00ed el derecho a tener un hogar digno. El turismo que ha llegado deja de lado el bienestar de las personas originarias de estos territorios. &nbsp;<\/p>\n\n\n\n<p>\u2014Concejo de Xpujil, Calakmul: el Concejo habl\u00f3 sobre un amparo que tienen vigente, con el cual han intentado frenar la construcci\u00f3n del Tren Maya en su territorio. Hablaron de la utilizaci\u00f3n de la Guardia Nacional y el Ej\u00e9rcito; de la construcci\u00f3n de un hotel que posiblemente tenga 162 habitaciones,&nbsp;este hotel est\u00e1 siendo construido en el coraz\u00f3n de la Reserva de Calakmul y el cual tambi\u00e9n se ha otorgado al Ej\u00e9rcito como el resto del proyecto Tren Maya. Dicha construcci\u00f3n, de llevarse a cabo, destruir\u00eda una de las \u00faltimas selvas conservadas en todo el continente.<\/p>\n\n\n\n<p>\u2014Canc\u00fan y Playa del Carmen: la destrucci\u00f3n ya se percibe en esta zona, como lo es la tala de 9 millones de \u00e1rboles tan solo entre M\u00e9rida y Xpujil&nbsp;a causa del Tren Maya. Tambi\u00e9n se habla de la violencia del modelo de turismo que se ha impulsado en Canc\u00fan y Playa del Carmen, el cual ser\u00e1 el mismo que se aplicar\u00e1 con la construcci\u00f3n del Tren Maya en toda la pen\u00ednsula de Yucat\u00e1n y en cada territorio que atraviese. &nbsp;<\/p>\n\n\n\n<p>&nbsp;NUEVE MILLONES DE MENTIRAS<\/p>\n\n\n\n<p>Justo en la zona de Canc\u00fan y Playa del Carmen, las participaciones resaltaron tambi\u00e9n c\u00f3mo desapariciones forzadas, feminicidios y violencia generada por c\u00e1rteles de la droga, son fen\u00f3menos interrelacionados con la llegada de megaproyectos.<\/p>\n\n\n\n<p>&nbsp;\u201cTenemos m\u00e1s de 9 millones de \u00e1rboles talados despu\u00e9s de que se dijo que no se iba a talar ninguno. O sea que tenemos 9 millones de mentiras regadas por ah\u00ed como si fueran cualquier cosa. Tenemos el resultado de ese desarrollo, tenemos a Canc\u00fan como una de las ciudades m\u00e1s violentas y m\u00e1s peligrosas, ocultando cifras todo el tiempo, presentando cifras bonitas de hoteles, cuantos cuartos de hoteles tenemos, de cuantos trabajos se generan, pero no nos dicen a costa de qu\u00e9\u201d.<\/p>\n\n\n\n<p>Tambi\u00e9n participaron representantes de la comunidad yucateca de Sitilpech, quienes mantienen una lucha en defensa del agua frente a las mega granjas porc\u00edcolas, as\u00ed como tambi\u00e9n contra la persecuci\u00f3n oficial que padecen ocho&nbsp;pobladoras mayas, v\u00edctimas de procesos penales arbitrarios por defender su territorio.<\/p>\n\n\n\n<p>&nbsp;EL TRAMO SEIS<\/p>\n\n\n\n<p>Al d\u00eda siguiente, el n\u00famero ocho del recorrido trazado durante 10&nbsp;d\u00edas para concluir con el&nbsp;Encuentro Internacional en el Caracol Jacinto Canek de San Crist\u00f3bal de las Casas, los caravanistas hicieron una parada y una marcha en Felipe Carrillo Puerto, Quintana Roo, para luego partir hacia Xpujil, Campeche, aunque antes visitaron el crucero que da a Laguna Ocom.<\/p>\n\n\n\n<p>Ah\u00ed elaboraron esta descripci\u00f3n de lo que vieron: \u201cen cuanto llegamos, el panorama es desolador. En este lugar, el tramo seis del mal llamado Tren Maya ya ha tomado la vida de miles de \u00e1rboles; cedros y caobas han sido talados sin ning\u00fan tipo de consideraci\u00f3n por todo lo que se pierde con cada \u00e1rbol que es derrumbado. El hogar de cientos de especies, ha sido arrancado de la tierra para poder entregar estas tierras a empresas americanas, canadienses, y alemanas\u201d.<\/p>\n\n\n\n<p>\u201cLa selva maya, antes llena de vida, flora y fauna, ahora es un espacio partido a la mitad en donde s\u00f3lo hay piedras y todos los \u00e1rboles han sido asesinados. Ah\u00ed en donde la vida ha sido destruida, el calor no da tregua, la sequ\u00eda se siente en el ambiente, el polvo se siente flotar en el aire\u201d.<\/p>\n\n\n\n<p>\u201cAunque se han visto fotograf\u00edas en internet de este crimen, estar en medio de la destrucci\u00f3n y muerte es doloroso para todos y todos los&nbsp;presentes. El responsable de este ecocidio tiene nombre: Andr\u00e9s Manuel L\u00f3pez Obrador\u201d.<\/p>\n\n\n\n<p>Luego, al t\u00e9rmino del acto, algunos de los caravanistas posaron para una fotograf\u00eda en el yermo provocado en medio de la selva por el megaproyecto oficial.<\/p>\n\n\n\n<p>*Escritor y periodista.<\/p>\n\n\n\n<p>@DiegoEOsorno<\/p>\n","protected":false},"excerpt":{"rendered":"<p>Diego Enrique Osorno* En su andar, la caravana El Sur Resiste&nbsp;fue sumando participantes de los&hellip;<\/p>\n","protected":false},"author":2,"featured_media":48560,"comment_status":"closed","ping_status":"open","sticky":false,"template":"","format":"standard","meta":{"_lmt_disableupdate":"","_lmt_disable":"","_jetpack_memberships_contains_paid_content":false,"footnotes":""},"categories":[456,109],"tags":[3020],"class_list":["post-55782","post","type-post","status-publish","format-standard","has-post-thumbnail","hentry","category-columna","category-minuto-a-minuto","tag-diego-enrique-osorno"],"jetpack_featured_media_url":"https:\/\/zonaroja.com.mx\/wp-content\/uploads\/2022\/11\/Diego-Enrique-Osorno.jpeg","jetpack_sharing_enabled":true,"_links":{"self":[{"href":"https:\/\/zonaroja.com.mx\/index.php?rest_route=\/wp\/v2\/posts\/55782","targetHints":{"allow":["GET"]}}],"collection":[{"href":"https:\/\/zonaroja.com.mx\/index.php?rest_route=\/wp\/v2\/posts"}],"about":[{"href":"https:\/\/zonaroja.com.mx\/index.php?rest_route=\/wp\/v2\/types\/post"}],"author":[{"embeddable":true,"href":"https:\/\/zonaroja.com.mx\/index.php?rest_route=\/wp\/v2\/users\/2"}],"replies":[{"embeddable":true,"href":"https:\/\/zonaroja.com.mx\/index.php?rest_route=%2Fwp%2Fv2%2Fcomments&post=55782"}],"version-history":[{"count":1,"href":"https:\/\/zonaroja.com.mx\/index.php?rest_route=\/wp\/v2\/posts\/55782\/revisions"}],"predecessor-version":[{"id":55783,"href":"https:\/\/zonaroja.com.mx\/index.php?rest_route=\/wp\/v2\/posts\/55782\/revisions\/55783"}],"wp:featuredmedia":[{"embeddable":true,"href":"https:\/\/zonaroja.com.mx\/index.php?rest_route=\/wp\/v2\/media\/48560"}],"wp:attachment":[{"href":"https:\/\/zonaroja.com.mx\/index.php?rest_route=%2Fwp%2Fv2%2Fmedia&parent=55782"}],"wp:term":[{"taxonomy":"category","embeddable":true,"href":"https:\/\/zonaroja.com.mx\/index.php?rest_route=%2Fwp%2Fv2%2Fcategories&post=55782"},{"taxonomy":"post_tag","embeddable":true,"href":"https:\/\/zonaroja.com.mx\/index.php?rest_route=%2Fwp%2Fv2%2Ftags&post=55782"}],"curies":[{"name":"wp","href":"https:\/\/api.w.org\/{rel}","templated":true}]}}