{"id":55784,"date":"2023-05-28T21:08:57","date_gmt":"2023-05-29T02:08:57","guid":{"rendered":"http:\/\/www.zonaroja.com.mx\/?p=55784"},"modified":"2023-05-28T21:13:11","modified_gmt":"2023-05-29T02:13:11","slug":"ante-crisis-social-en-oaxaca-pide-arzobispo-orar-por-gobernador-y-demas-autoridades","status":"publish","type":"post","link":"https:\/\/zonaroja.com.mx\/?p=55784","title":{"rendered":"Ante crisis social en Oaxaca, pide Arzobispo orar por gobernador y dem\u00e1s autoridades"},"content":{"rendered":"\n<p>Ismael Garc\u00eda M.\/Zona Roja.<\/p>\n\n\n\n<p>Oaxaca de Ju\u00e1rez, Oax., 28 de mayo de 2023.- Ante la crisis social que vive Oaxaca y en particular la problem\u00e1tica con el magisterio, el Arzobispo de Antequera, Pedro V\u00e1zquez Villalobos, pidi\u00f3 a orar por el gobernador (Salom\u00f3n Jara) y dem\u00e1s autoridades.<\/p>\n\n\n\n<p>Pero tambi\u00e9n recomend\u00f3 a los trabajadores de la educaci\u00f3n \u201ctener buen discernimiento y siempre dialogar, pensar en los ni\u00f1os, en esos j\u00f3venes, en esos adolescentes, que necesitan que los maestros est\u00e9n frente a ellos\u201d.<\/p>\n\n\n\n<p>En su homil\u00eda de este domingo desde la Catedral metropolitana, el jerarca de la iglesia Cat\u00f3lica exhort\u00f3 a la feligres\u00eda pedir que el Esp\u00edritu Santi inunde con sus dones y gracias a quienes nos gobiernan a quienes tienen que cuidar el bien com\u00fan.<\/p>\n\n\n\n<p>\u201cY nuestros gobernantes, sean quien sea, necesitan de la iluminaci\u00f3n del Esp\u00edritu. Yo no s\u00e9 si usted pide al Esp\u00edritu Santo que ilumine, en nuestro caso por ejemplo, a nuestro gobernador, a nuestro presidente municipal, a todos los que est\u00e1n al frente de alguna secretar\u00eda, que tienen alguna encomienda en la sociedad; no s\u00e9 si pedimos que derrame su esp\u00edritu sobre los servidores p\u00fablicos, se necesita\u201d, dijo.<\/p>\n\n\n\n<figure class=\"wp-block-embed is-type-rich is-provider-twitter wp-block-embed-twitter\"><div class=\"wp-block-embed__wrapper\">\n<div class=\"twitter-tweet\"><blockquote class=\"twitter-tweet\" data-lang=\"es\"><p lang=\"es\" dir=\"ltr\">En su homil\u00eda de hoy, el Arzobispo de <a href=\"https:\/\/twitter.com\/hashtag\/Oaxaca?src=hash&amp;ref_src=twsrc%5Etfw\">#Oaxaca<\/a>, Pedro V\u00e1zquez, pidi\u00f3 orar por los maestros: <br>\u201c\u2026tienen que transmitir esas verdades y no confundir a sus alumnos. Dedicarse a ellos y vivir esa vocaci\u00f3n\u201d.<br>Tambi\u00e9n, \u201cque ilumine a nuestro gobernador, a nuestro presidente municipal, a\u2026 <a href=\"https:\/\/t.co\/ji9zi0a1f1\">pic.twitter.com\/ji9zi0a1f1<\/a><\/p>&mdash; Zona Roja Oaxaca (@ZonaRoja_Oaxaca) <a href=\"https:\/\/twitter.com\/ZonaRoja_Oaxaca\/status\/1662927358779617283?ref_src=twsrc%5Etfw\">28 de mayo de 2023<\/a><\/blockquote><\/div>\n<\/div><\/figure>\n\n\n\n<p>Sobre los maestros oaxaque\u00f1os exclam\u00f3:<\/p>\n\n\n\n<p>\u201cEs muy necesario que nosotros pidamos la fuerza del Esp\u00edritu y se derrame ese esp\u00edritu en nuestros maestros, porque ellos tendr\u00e1n que transmitir ciencia, ayudar\u00e1n en la educaci\u00f3n de los hijos de los hijos de ustedes; los maestros tienen que transmitir esas verdades y no confundir a sus alumnos, no confundirlos.<\/p>\n\n\n\n<p>\u201cDedicarse a ellos y vivir esa vocaci\u00f3n y que pueda decir Dios a los maestros: eres dichoso, porque ense\u00f1as al que nos ama y est\u00e1s practicando una obra de misericordia, ense\u00f1ar al que no sabe.<\/p>\n\n\n\n<p>\u201cVamos pidiendo al Esp\u00edritu Santo por los maestros oaxaque\u00f1os que son muy criticados a veces, por lo que hacen, y no solamente en nuestro estados, criticados en nuestro pa\u00eds.<\/p>\n\n\n\n<p>\u201cVamos pidiendo al Esp\u00edritu Santo que les ayude a ellos para ser un buen discernimiento y siempre dialogar y pensar en esos ni\u00f1os, en esos j\u00f3venes, en esos adolescentes, que necesitan que los maestros est\u00e9n frente a ellos y les transmita ciencia y los prepare porque el d\u00eda de ma\u00f1ana ser\u00e1n los que van a dirigir esta sociedad, ojal\u00e1 haya un buen entendimiento en toda esta problem\u00e1tica, pero vamos pidiendo al Esp\u00edritu Santo por ellos\u201d.<\/p>\n\n\n\n<p>Desde el inicio del mes de mayo, el magisterio oaxaque\u00f1o ha parado labores cuatro d\u00edas por actividades sindicales, adem\u00e1s de realzar marchas, protestas y bloqueos.<\/p>\n\n\n\n<p>En tanto que la madrugada de hoy, la Asamblea Estatal Permanente determin\u00f3 otro paro de labores, de 72 horas, a partir del lunes de la pr\u00f3xima semana.<\/p>\n","protected":false},"excerpt":{"rendered":"<p>Ismael Garc\u00eda M.\/Zona Roja. Oaxaca de Ju\u00e1rez, Oax., 28 de mayo de 2023.- Ante la&hellip;<\/p>\n","protected":false},"author":2,"featured_media":55788,"comment_status":"closed","ping_status":"open","sticky":false,"template":"","format":"standard","meta":{"_lmt_disableupdate":"","_lmt_disable":"","_jetpack_memberships_contains_paid_content":false,"footnotes":""},"categories":[109,46],"tags":[2219],"class_list":["post-55784","post","type-post","status-publish","format-standard","has-post-thumbnail","hentry","category-minuto-a-minuto","category-zona-blanca","tag-arzobispo-pedro-vazquez-villalobos"],"jetpack_featured_media_url":"https:\/\/zonaroja.com.mx\/wp-content\/uploads\/2023\/05\/Arzibispo-Perro-Vasquez-V.jpg","jetpack_sharing_enabled":true,"_links":{"self":[{"href":"https:\/\/zonaroja.com.mx\/index.php?rest_route=\/wp\/v2\/posts\/55784","targetHints":{"allow":["GET"]}}],"collection":[{"href":"https:\/\/zonaroja.com.mx\/index.php?rest_route=\/wp\/v2\/posts"}],"about":[{"href":"https:\/\/zonaroja.com.mx\/index.php?rest_route=\/wp\/v2\/types\/post"}],"author":[{"embeddable":true,"href":"https:\/\/zonaroja.com.mx\/index.php?rest_route=\/wp\/v2\/users\/2"}],"replies":[{"embeddable":true,"href":"https:\/\/zonaroja.com.mx\/index.php?rest_route=%2Fwp%2Fv2%2Fcomments&post=55784"}],"version-history":[{"count":2,"href":"https:\/\/zonaroja.com.mx\/index.php?rest_route=\/wp\/v2\/posts\/55784\/revisions"}],"predecessor-version":[{"id":55790,"href":"https:\/\/zonaroja.com.mx\/index.php?rest_route=\/wp\/v2\/posts\/55784\/revisions\/55790"}],"wp:featuredmedia":[{"embeddable":true,"href":"https:\/\/zonaroja.com.mx\/index.php?rest_route=\/wp\/v2\/media\/55788"}],"wp:attachment":[{"href":"https:\/\/zonaroja.com.mx\/index.php?rest_route=%2Fwp%2Fv2%2Fmedia&parent=55784"}],"wp:term":[{"taxonomy":"category","embeddable":true,"href":"https:\/\/zonaroja.com.mx\/index.php?rest_route=%2Fwp%2Fv2%2Fcategories&post=55784"},{"taxonomy":"post_tag","embeddable":true,"href":"https:\/\/zonaroja.com.mx\/index.php?rest_route=%2Fwp%2Fv2%2Ftags&post=55784"}],"curies":[{"name":"wp","href":"https:\/\/api.w.org\/{rel}","templated":true}]}}