{"id":55791,"date":"2023-05-28T21:36:25","date_gmt":"2023-05-29T02:36:25","guid":{"rendered":"http:\/\/www.zonaroja.com.mx\/?p=55791"},"modified":"2023-05-28T21:36:26","modified_gmt":"2023-05-29T02:36:26","slug":"ministra-presidenta-el-pueblo-te-respeta-gritan-desde-oaxaca","status":"publish","type":"post","link":"https:\/\/zonaroja.com.mx\/?p=55791","title":{"rendered":"\u201c\u00a1Ministra presidenta, el pueblo te respeta!\u201d, gritan desde Oaxaca"},"content":{"rendered":"\n<p>Ismael Garc\u00eda M.\/Zona Roja.<\/p>\n\n\n\n<p>Oaxaca de Ju\u00e1rez, Oax., a 28 de mayo de 2023.- \u201cNo queremos m\u00e1s divisiones; estamos divididos entre supuestos conservadores y liberales; yo no s\u00e9 de liberal que tenga ese se\u00f1or\u2026 yo quiero equidad en la prosperidad, no igualdad en la pobreza\u201d.<\/p>\n\n\n\n<p>Oaxaca se sum\u00f3 a la defensa de la Suprema Corte de Justicia de la Naci\u00f3n (SCJN) y a la ministra presidenta, Norma Pi\u00f1a, ante los continuos ataques de los morenistas y del Presidente de M\u00e9xico, Andr\u00e9s Manuel L\u00f3pez Obrador.<\/p>\n\n\n\n<p>\u201c\u00a1Somos las mujeres las que nos estamos levantando y eso no le gusta al Presidente! \u00a1Somos hombres y mujeres que defendemos la democracia! \u00a1No queremos gente mis\u00f3gina en el Palacio de Gobierno! \u00a1Queremos gente preparada, no gente que incite al odio!\u201d, fue parte del clamor.<\/p>\n\n\n\n<p>Poco m\u00e1s de un centenar de personas se reuni\u00f3 en el parque \u201cEl Llano\u201d y protest\u00f3 hoy al mediod\u00eda en la sede de juzgados del Poder Judicial, para exigir respeto a ese poder del Estado; inicialmente ten\u00edan programado realizar una marcha, la cual se cancel\u00f3.<\/p>\n\n\n\n<p>De acuerdo con uno de los oradores en el acto, C\u00e9sar Ch\u00e1vez, el movimiento estuvo por encima de cualquier inter\u00e9s partidista y se privilegi\u00f3 el inter\u00e9s de M\u00e9xico.&nbsp;<\/p>\n\n\n\n<p>\u201cEl \u00fanico inter\u00e9s de los oaxaque\u00f1os es la defensa de la Suprema Corte de Justicia de la Naci\u00f3n, que est\u00e1 interpretando nuestra Constituci\u00f3n, no es parte del juego pol\u00edtico que se vive en este pa\u00eds; por eso debemos respetar a los ministros y sus determinaciones y a la Suprema Corte\u201d, dijo.<\/p>\n\n\n\n<p>Insisti\u00f3 en que la marcha fue de ciudadanos con distintas expresiones, pero que no tuvieron que ver nada los partidos pol\u00edticos; en la manifestaci\u00f3n particip\u00f3 tambi\u00e9n la dirigente estatal del PAN, Perla Woolrich Fern\u00e1ndez.<\/p>\n\n\n\n<p>\u201c\u00a1La ley es la ley y se respeta! \u00a1La ley es la ley, la ley es la ley, la ley es la ley\u201d, fueron parte tambi\u00e9n de las consignas de la breve manifestaci\u00f3n, que concluy\u00f3 con la entonaci\u00f3n del Himno Nacional Mexicano.<\/p>\n\n\n\n<figure class=\"wp-block-embed is-type-rich is-provider-twitter wp-block-embed-twitter\"><div class=\"wp-block-embed__wrapper\">\n<div class=\"twitter-tweet\"><blockquote class=\"twitter-tweet\" data-lang=\"es\"><p lang=\"es\" dir=\"ltr\"><a href=\"https:\/\/twitter.com\/hashtag\/%C3%9AltimoMinuto?src=hash&amp;ref_src=twsrc%5Etfw\">#\u00daltimoMinuto<\/a><br>M\u00e1s de un centenar de personas protest\u00f3 de manera pac\u00edfica en la sede de juzgados del Poder Judicial federal en Oaxaca capital, en respaldo a la Suprema Corte de Justicia de la Naci\u00f3n (<a href=\"https:\/\/twitter.com\/SCJN?ref_src=twsrc%5Etfw\">@SCJN<\/a>) y contra los ataques del Presidente <a href=\"https:\/\/twitter.com\/lopezobrador_?ref_src=twsrc%5Etfw\">@lopezobrador_<\/a> a la ministra Norma\u2026 <a href=\"https:\/\/t.co\/eukmNKy4bs\">pic.twitter.com\/eukmNKy4bs<\/a><\/p>&mdash; Zona Roja Oaxaca (@ZonaRoja_Oaxaca) <a href=\"https:\/\/twitter.com\/ZonaRoja_Oaxaca\/status\/1662882233500454912?ref_src=twsrc%5Etfw\">28 de mayo de 2023<\/a><\/blockquote><\/div>\n<\/div><\/figure>\n","protected":false},"excerpt":{"rendered":"<p>Ismael Garc\u00eda M.\/Zona Roja. Oaxaca de Ju\u00e1rez, Oax., a 28 de mayo de 2023.- \u201cNo&hellip;<\/p>\n","protected":false},"author":2,"featured_media":55792,"comment_status":"closed","ping_status":"open","sticky":false,"template":"","format":"standard","meta":{"_lmt_disableupdate":"","_lmt_disable":"","_jetpack_memberships_contains_paid_content":false,"footnotes":""},"categories":[109,46],"tags":[2878],"class_list":["post-55791","post","type-post","status-publish","format-standard","has-post-thumbnail","hentry","category-minuto-a-minuto","category-zona-blanca","tag-suprema-corte-de-justicia-de-la-nacion-scjn"],"jetpack_featured_media_url":"https:\/\/zonaroja.com.mx\/wp-content\/uploads\/2023\/05\/Protesta-a-favor-de-la-SCJN-en-Oaxaca.jpg","jetpack_sharing_enabled":true,"_links":{"self":[{"href":"https:\/\/zonaroja.com.mx\/index.php?rest_route=\/wp\/v2\/posts\/55791","targetHints":{"allow":["GET"]}}],"collection":[{"href":"https:\/\/zonaroja.com.mx\/index.php?rest_route=\/wp\/v2\/posts"}],"about":[{"href":"https:\/\/zonaroja.com.mx\/index.php?rest_route=\/wp\/v2\/types\/post"}],"author":[{"embeddable":true,"href":"https:\/\/zonaroja.com.mx\/index.php?rest_route=\/wp\/v2\/users\/2"}],"replies":[{"embeddable":true,"href":"https:\/\/zonaroja.com.mx\/index.php?rest_route=%2Fwp%2Fv2%2Fcomments&post=55791"}],"version-history":[{"count":1,"href":"https:\/\/zonaroja.com.mx\/index.php?rest_route=\/wp\/v2\/posts\/55791\/revisions"}],"predecessor-version":[{"id":55793,"href":"https:\/\/zonaroja.com.mx\/index.php?rest_route=\/wp\/v2\/posts\/55791\/revisions\/55793"}],"wp:featuredmedia":[{"embeddable":true,"href":"https:\/\/zonaroja.com.mx\/index.php?rest_route=\/wp\/v2\/media\/55792"}],"wp:attachment":[{"href":"https:\/\/zonaroja.com.mx\/index.php?rest_route=%2Fwp%2Fv2%2Fmedia&parent=55791"}],"wp:term":[{"taxonomy":"category","embeddable":true,"href":"https:\/\/zonaroja.com.mx\/index.php?rest_route=%2Fwp%2Fv2%2Fcategories&post=55791"},{"taxonomy":"post_tag","embeddable":true,"href":"https:\/\/zonaroja.com.mx\/index.php?rest_route=%2Fwp%2Fv2%2Ftags&post=55791"}],"curies":[{"name":"wp","href":"https:\/\/api.w.org\/{rel}","templated":true}]}}