{"id":55798,"date":"2023-05-29T08:11:57","date_gmt":"2023-05-29T13:11:57","guid":{"rendered":"http:\/\/www.zonaroja.com.mx\/?p=55798"},"modified":"2023-05-29T11:28:25","modified_gmt":"2023-05-29T16:28:25","slug":"opinion-medio-ano-ya-y-nada-de-primavera-oaxaquena","status":"publish","type":"post","link":"https:\/\/zonaroja.com.mx\/?p=55798","title":{"rendered":"Opini\u00f3n. Medio a\u00f1o ya, y nada de \u201cprimavera oaxaque\u00f1a\u201d"},"content":{"rendered":"\n<p>Ismael Garc\u00eda M.\/Zona Roja.<\/p>\n\n\n\n<p>Oaxaca de Ju\u00e1rez, Oax., a 29 de mayo de 2023.- Este mi\u00e9rcoles se cumple medio a\u00f1o del gobierno de Salom\u00f3n Jara Cruz, quien prometi\u00f3 una \u201cprimavera oaxaque\u00f1a\u201d, pero que ha resultado en un verano ardiente, gris oto\u00f1o y un rojo invierno.<\/p>\n\n\n\n<p>Medio a\u00f1o en que no hay ninguna obra p\u00fablica de relevancia; medio a\u00f1o de giras y giras y recorridos sinraz\u00f3n por el interior del estado; medio a\u00f1o de discursos, descalificaciones, palabrer\u00edas y de creciente uso de la fuerza p\u00fablica contra la sociedad.<\/p>\n\n\n\n<p>Medio a\u00f1o de se\u00f1alamientos y descalificaciones hacia los cr\u00edticos; culpas ret\u00f3ricas al pasado \u2014Jos\u00e9 Murat, Polanco, Jos\u00e9 Manuel Vera Salinas, Ir\u00e1n Santiago\u2026\u2014, sin que haya una acusaci\u00f3n formal hacia ellos, es decir, ante instancias judiciales.<\/p>\n\n\n\n<p>Medio a\u00f1o de \u201cdescubrimientos\u201d de \u201cc\u00e1rtel del despojo \u2014del que por ahora s\u00f3lo hay dos detenciones de funcionarios de menor envergadura\u2014, de supuestos actos de corrupci\u00f3n\u2026 de no tocar ni con el p\u00e9talo de un se\u00f1alamiento a Alejandro Murat Hinojosa\u2026 por \u00f3rdenes del Presidente L\u00f3pez Obrador.<\/p>\n\n\n\n<p>Medio a\u00f1o de retenci\u00f3n de personas, enfrentamientos entre pueblos, masacres, asesinato de polic\u00edas, fracasos en las mesas de di\u00e1logo y contradicciones en la atenci\u00f3n a las organizaciones sociales.<\/p>\n\n\n\n<p>INSEGURIDAD<\/p>\n\n\n\n<p>En las \u00faltimas dos semanas, los cr\u00edmenes, perpetrados en su mayor\u00eda con arma de fuego, han sido pr\u00e1cticamente atroces e incluso con sa\u00f1a y crueldad, como sucedi\u00f3 el pasado jueves en Miahuatl\u00e1n, en que decapitaron y cercenaron el cuerpo de un individuo.<\/p>\n\n\n\n<p>De acuerdo con datos del Secretariado Ejecutivo del Sistema Nacional de Seguridad P\u00fablica, en al cierre del cuarto mes del a\u00f1o, Oaxaca se posicion\u00f3 entre las 10 primeras entidades con la mayor cantidad de homicidios dolosos.<\/p>\n\n\n\n<p>Tan s\u00f3lo en abril ocurrieron 66 asesinatos, de los cuales 51 fueron por arma de fuego, as\u00ed como tres mil 574 delitos; en los primeros cuatro meses hay 264 cr\u00edmenes, es decir, m\u00e1s de dos diarios.<\/p>\n\n\n\n<p>Seg\u00fan la asociaci\u00f3n civil Causa en Com\u00fan, Oaxaca es una de las cinco entidades que concentra el mayor n\u00famero de feminicidios y secuestros en el primer trimestre del a\u00f1o.<\/p>\n\n\n\n<p>Seg\u00fan Consorcio para el Di\u00e1logo y la Equidad, en este a\u00f1o se han registrado 412 hechos violentos contra las mujeres, de las cuales 58 corresponden a delitos sexuales, 241 a desapariciones, 57 a feminicidios, 51 casos a violencia familiar y cinco a suicidios.<\/p>\n\n\n\n<p>Un secretario de Seguridad y un comisionado de la Polic\u00eda Estatal fuere\u00f1os han abonado a la crisis de violencia, pues no conocen la entidad y en el medio a\u00f1o, han hecho escasas visitas al estado.<\/p>\n\n\n\n<p>Y cuando lo hicieron, hace un mes, el secretario Iv\u00e1n Garc\u00eda \u00c1lvarez y el comisionado Gerardo Robles Lara, quedaron retenidos por al menos 72 horas en San Juan Mazatl\u00e1n Mixe, dejando sin mando a la instituci\u00f3n; ah\u00ed de nada vali\u00f3 la experiencia de marinos.<\/p>\n\n\n\n<p>INGOBERNABILIDAD<\/p>\n\n\n\n<p>La fallida pol\u00edtica interna tiene sus razones tambi\u00e9n en la inexperiencia de los nuevos funcionarios en la Secretar\u00eda de Gobierno y en la soberbia de su a\u00fan titular, Jes\u00fas Romero L\u00f3pez.<\/p>\n\n\n\n<p>Pr\u00e1cticamente no hay d\u00eda, hasta en fin de semana, en que no ocurran protestas, bloqueos, marchas, con raz\u00f3n o sin raz\u00f3n, y hasta retenci\u00f3n de personas y balaceras entre comunidades.<\/p>\n\n\n\n<p>Desd\u00e9n discursivo hacia las organizaciones sociales, que d\u00eda con d\u00eda resurgen con m\u00e1s fuerza para exigir atenci\u00f3n a los pueblos, pero se han topado con cerraz\u00f3n, argumentando que se atender\u00e1 directamente a las comunidades\u2026 aunque al final la autoridad es obligada a escucharlos y atenderlos.<\/p>\n\n\n\n<p>Tan grave son los problemas en el interior del estado, que tan s\u00f3lo en menos de seis meses, han estallado al menos cinco conflictos agrarios, con saldos funestos.<\/p>\n\n\n\n<p>Santo Domingo Petapa contra San Juan Mazatl\u00e1n Mixe, Santa Cruz Zenzontepec contra San Lucas Atoyaquillo, Villa de Guadalupe contra San Miguel El Grande, Santiago Yaitepec con sus vecinos, Santiago Xochiltepec con sus vecinos de Santiago Textitl\u00e1n, y una larga lista.<\/p>\n\n\n\n<p>Fracasos y m\u00e1s fracasos, como las multicitadas mesas de di\u00e1logo en la zona Triqui, donde continuamente se reportan ataques o enfrentamientos y cuyo caso qued\u00f3 abandonado.<\/p>\n\n\n\n<p>Faramalla en caso de los Chimalapas con el estado de Chiapas, para que tras festejos, se descubri\u00f3 imprecisiones en el decreto de la Suprema Corte de Justicia de la Naci\u00f3n y por lo tanto, la determinaci\u00f3n a favor de Oaxaca no se ha concretado.<\/p>\n\n\n\n<p>Y la desesperaci\u00f3n cunde ante las continuas fallas y ahora se hace el uso de la fuerza p\u00fablica. El m\u00e1s reciente caso, el martes de la semana pasada, en que la Secretar\u00eda de Gobierno orden\u00f3 el uso de polic\u00edas contra normalistas, para desalojarlos del z\u00f3calo.<\/p>\n\n\n\n<p>Los triquis de Lorena Merino, los habitantes de Santiago Xiacu\u00ed, los opositores al Corredor Interoce\u00e1nico en San Juan Guichicovi, san parte de la larga lista que crece y que peligrosamente se torna en actos de represi\u00f3n contra las protestas.<\/p>\n\n\n\n<p>Fracaso tambi\u00e9n en la elecci\u00f3n del centro integral de residuos s\u00f3lidos, que a medio a\u00f1o s\u00f3lo hay proyecto; luego de la imposici\u00f3n que se pretendi\u00f3 hacer en San Lorenzo Albarradas, la problem\u00e1tica volvi\u00f3 al punto cero.<\/p>\n\n\n\n<p>PLAN DE TR\u00c1MITE<\/p>\n\n\n\n<p>Las fallas son pr\u00e1cticamente en todas las \u00e1reas del gobierno, como en la Secretar\u00eda de Movilidad, que a medio a\u00f1o sigue enfrentando reclamos por la falta de placas y tarjetas de circulaci\u00f3n, as\u00ed como el desorden en el transporte p\u00fablico, que sigue haciendo lo que quiere.<\/p>\n\n\n\n<p>O la Direcci\u00f3n del Registro Civil, con una titular que no atina ni al di\u00e1logo ni la atenci\u00f3n; inici\u00f3 el primer d\u00eda de gobierno con protestas y \u00e9stas contin\u00faan, ahora en las oficinas centrales. Medio a\u00f1o sin cubrir adecuadamente los requerimientos de hojas valoradas. <\/p>\n\n\n\n<p>O la Secretar\u00eda de Bienestar, que lo \u00fanico que ha promovido son los tequios, pues de acciones no hay nada m\u00e1s que el anuncio de la tarjeta Bienestar para apoyar a las mujeres.<\/p>\n\n\n\n<p>En la Secretar\u00eda de Turismo, s\u00f3lo ignorancia y traspi\u00e9s, de manera continua, y ahora con la \u201cdisneylandizaci\u00f3n\u201d de los Pueblos M\u00e1gicos de Oaxaca.<\/p>\n\n\n\n<p>El IEEPO, con un director sin ninguna experiencia en el manejo de conflictos y mucho menos en la docencia, que ahora mismo enfrenta problemas y reclamos del magisterio. <\/p>\n\n\n\n<p>A cuestas carga el \u201cplant\u00f3n\u201d m\u00e1s largo en el naciente gobierno, de dos meses, por parte de egresados normalistas, ante los que finalmente cedieron y les dar\u00e1n plazas de docentes, pese a la grave violencia que ocasionaron.<\/p>\n\n\n\n<p>El sector Salud, con igual abandono y con m\u00faltiples carencias hasta negligencias m\u00e9dicas corroboradas, como la ocurrida el 1 de diciembre en Palo de Lima, San Lorenzo Texmelucan.<\/p>\n\n\n\n<p>Larga es la lista, a la que se suma la tardanza en emitir un Plan Estatal de Desarrollo\u2026 elaborado por priistas, como lo es Celestino Alonso \u00c1lvarez.<\/p>\n\n\n\n<p>\u00bfSeguir\u00e1 en la misma din\u00e1mica Salom\u00f3n Jara Cruz? Todo parece que s\u00ed; no escucha m\u00e1s que a sus hermanos e hijos, que le dicen que todo est\u00e1 bien; poco caso hace al jefe de Gabinete, Jos\u00e9 Antonio Rueda M\u00e1rquez.<\/p>\n\n\n\n<p>Y su \u00fanico inter\u00e9s es partidista-proselitista, a fin de seguir fortaleciendo a Morena \u2014que no crece\u2014, para seguir detentando m\u00e1s cargos, incluso para su familiares, en la pr\u00f3xima contienda electoral.<\/p>\n\n\n\n<p>Lo prudente ser\u00eda que a medio a\u00f1o, hiciera un balance de las graves fallas y los escasos avances, para reemplazar a los funcionarios omisos. Pero no, eso no est\u00e1 en sus planes.<\/p>\n","protected":false},"excerpt":{"rendered":"<p>Ismael Garc\u00eda M.\/Zona Roja. Oaxaca de Ju\u00e1rez, Oax., a 29 de mayo de 2023.- Este&hellip;<\/p>\n","protected":false},"author":2,"featured_media":41735,"comment_status":"closed","ping_status":"open","sticky":false,"template":"","format":"standard","meta":{"_lmt_disableupdate":"","_lmt_disable":"","_jetpack_memberships_contains_paid_content":false,"footnotes":""},"categories":[456,109,48],"tags":[1353],"class_list":["post-55798","post","type-post","status-publish","format-standard","has-post-thumbnail","hentry","category-columna","category-minuto-a-minuto","category-zona-critica","tag-opinion-zona-critica"],"jetpack_featured_media_url":"https:\/\/zonaroja.com.mx\/wp-content\/uploads\/2022\/05\/Opinion-Ismael-Garcia-M.jpg","jetpack_sharing_enabled":true,"_links":{"self":[{"href":"https:\/\/zonaroja.com.mx\/index.php?rest_route=\/wp\/v2\/posts\/55798","targetHints":{"allow":["GET"]}}],"collection":[{"href":"https:\/\/zonaroja.com.mx\/index.php?rest_route=\/wp\/v2\/posts"}],"about":[{"href":"https:\/\/zonaroja.com.mx\/index.php?rest_route=\/wp\/v2\/types\/post"}],"author":[{"embeddable":true,"href":"https:\/\/zonaroja.com.mx\/index.php?rest_route=\/wp\/v2\/users\/2"}],"replies":[{"embeddable":true,"href":"https:\/\/zonaroja.com.mx\/index.php?rest_route=%2Fwp%2Fv2%2Fcomments&post=55798"}],"version-history":[{"count":2,"href":"https:\/\/zonaroja.com.mx\/index.php?rest_route=\/wp\/v2\/posts\/55798\/revisions"}],"predecessor-version":[{"id":55812,"href":"https:\/\/zonaroja.com.mx\/index.php?rest_route=\/wp\/v2\/posts\/55798\/revisions\/55812"}],"wp:featuredmedia":[{"embeddable":true,"href":"https:\/\/zonaroja.com.mx\/index.php?rest_route=\/wp\/v2\/media\/41735"}],"wp:attachment":[{"href":"https:\/\/zonaroja.com.mx\/index.php?rest_route=%2Fwp%2Fv2%2Fmedia&parent=55798"}],"wp:term":[{"taxonomy":"category","embeddable":true,"href":"https:\/\/zonaroja.com.mx\/index.php?rest_route=%2Fwp%2Fv2%2Fcategories&post=55798"},{"taxonomy":"post_tag","embeddable":true,"href":"https:\/\/zonaroja.com.mx\/index.php?rest_route=%2Fwp%2Fv2%2Ftags&post=55798"}],"curies":[{"name":"wp","href":"https:\/\/api.w.org\/{rel}","templated":true}]}}