{"id":55800,"date":"2023-05-29T08:23:32","date_gmt":"2023-05-29T13:23:32","guid":{"rendered":"http:\/\/www.zonaroja.com.mx\/?p=55800"},"modified":"2023-05-29T08:23:33","modified_gmt":"2023-05-29T13:23:33","slug":"dos-asesinados-saldo-del-domingo-en-oaxaca","status":"publish","type":"post","link":"https:\/\/zonaroja.com.mx\/?p=55800","title":{"rendered":"Dos asesinados, saldo del domingo en Oaxaca"},"content":{"rendered":"\n<p>Redacci\u00f3n\/Zona Roja.<\/p>\n\n\n\n<p>Oaxaca de Ju\u00e1rez, Oax., a 29 de mayo de 2023.- Dos personas fueron asesinadas este domingo en Oaxaca, segundo d\u00eda de visita del Presidente Andr\u00e9s Manuel L\u00f3pez Obrador a la entidad.<\/p>\n\n\n\n<p>Uno de los cr\u00edmenes se registr\u00f3 en Guadalupe de Ram\u00edrez, en la regi\u00f3n Mixteca, en que fue ultimado a balazos en el interior de su domicilio; la v\u00edctima a\u00fan no ha sido identificada.<\/p>\n\n\n\n<p>Personal de la Vicefiscal\u00eda Regional inici\u00f3 las primeras indagatorias y hall\u00f3 casquillos percudidos calibre .22 y de 9 mil\u00edmetros; a\u00fan se desconoce la identidad y paradero del o de los agresores.<\/p>\n\n\n\n<p>Mientras que la ma\u00f1ana de ayer en San Juan Bautista Tuxtepec, municipio de la regi\u00f3n Cuenca, un individuo fue asesinado con disparos de arma a la cabeza, en el interior de un bar.<\/p>\n\n\n\n<p>Los hechos ocurrieron en la comunidad de Ejido Loma Alta y la v\u00edctima fue identificada como Primitivo G. J., de 35 a\u00f1os de edad, originario de San Felipe Jalapa de D\u00edaz.<\/p>\n","protected":false},"excerpt":{"rendered":"<p>Redacci\u00f3n\/Zona Roja. Oaxaca de Ju\u00e1rez, Oax., a 29 de mayo de 2023.- Dos personas fueron&hellip;<\/p>\n","protected":false},"author":2,"featured_media":38093,"comment_status":"closed","ping_status":"open","sticky":false,"template":"","format":"standard","meta":{"_lmt_disableupdate":"","_lmt_disable":"","_jetpack_memberships_contains_paid_content":false,"footnotes":""},"categories":[109,51],"tags":[118],"class_list":["post-55800","post","type-post","status-publish","format-standard","has-post-thumbnail","hentry","category-minuto-a-minuto","category-zona-roja","tag-san-juan-bautista-tuxtepec"],"jetpack_featured_media_url":"https:\/\/zonaroja.com.mx\/wp-content\/uploads\/2022\/02\/Policia-escena-seguridad-violencia-crimen.jpg","jetpack_sharing_enabled":true,"_links":{"self":[{"href":"https:\/\/zonaroja.com.mx\/index.php?rest_route=\/wp\/v2\/posts\/55800","targetHints":{"allow":["GET"]}}],"collection":[{"href":"https:\/\/zonaroja.com.mx\/index.php?rest_route=\/wp\/v2\/posts"}],"about":[{"href":"https:\/\/zonaroja.com.mx\/index.php?rest_route=\/wp\/v2\/types\/post"}],"author":[{"embeddable":true,"href":"https:\/\/zonaroja.com.mx\/index.php?rest_route=\/wp\/v2\/users\/2"}],"replies":[{"embeddable":true,"href":"https:\/\/zonaroja.com.mx\/index.php?rest_route=%2Fwp%2Fv2%2Fcomments&post=55800"}],"version-history":[{"count":1,"href":"https:\/\/zonaroja.com.mx\/index.php?rest_route=\/wp\/v2\/posts\/55800\/revisions"}],"predecessor-version":[{"id":55801,"href":"https:\/\/zonaroja.com.mx\/index.php?rest_route=\/wp\/v2\/posts\/55800\/revisions\/55801"}],"wp:featuredmedia":[{"embeddable":true,"href":"https:\/\/zonaroja.com.mx\/index.php?rest_route=\/wp\/v2\/media\/38093"}],"wp:attachment":[{"href":"https:\/\/zonaroja.com.mx\/index.php?rest_route=%2Fwp%2Fv2%2Fmedia&parent=55800"}],"wp:term":[{"taxonomy":"category","embeddable":true,"href":"https:\/\/zonaroja.com.mx\/index.php?rest_route=%2Fwp%2Fv2%2Fcategories&post=55800"},{"taxonomy":"post_tag","embeddable":true,"href":"https:\/\/zonaroja.com.mx\/index.php?rest_route=%2Fwp%2Fv2%2Ftags&post=55800"}],"curies":[{"name":"wp","href":"https:\/\/api.w.org\/{rel}","templated":true}]}}