{"id":5581,"date":"2019-11-09T09:24:11","date_gmt":"2019-11-09T15:24:11","guid":{"rendered":"http:\/\/www.zonaroja.com.mx\/?p=5581"},"modified":"2019-11-09T09:24:14","modified_gmt":"2019-11-09T15:24:14","slug":"va-enrique-graue-por-otros-cuatro-anos-al-frente-de-la-unam","status":"publish","type":"post","link":"https:\/\/zonaroja.com.mx\/?p=5581","title":{"rendered":"Va Enrique Graue por otros cuatro a\u00f1os al frente de la UNAM"},"content":{"rendered":"\n<p>Redacci\u00f3n\/Zona\nRoja Cdmx.<\/p>\n\n\n\n<p>Ciudad de\nM\u00e9xico, 9 de noviembre de 2019.- Enrique Graue Wiechers fue reelecto por otros\ncuatro a\u00f1os m\u00e1s para el cargo de rector, determin\u00f3 ayer la unta de Gobierno de\nla Universidad Nacional Aut\u00f3noma de M\u00e9xico (UNAM).<\/p>\n\n\n\n<p>En el\nproceso, se realizaron 850 entrevistas a personas de distintas entidades\nacad\u00e9micas y disciplinas, mientras que 16 mil 500 miembros de la comunidad\nuniversitaria manifestaron su opini\u00f3n.<\/p>\n\n\n\n<p>La\nlegislaci\u00f3n universitaria dispone que el titular de la Rector\u00eda debe ser\nmexicana o mexicano por nacimiento, mayor de 35 y menor de 70 a\u00f1os, poseer\ngrado superior al de bachiller y tener cuando menos 10 a\u00f1os de servicio docente\no de investigaci\u00f3n en la UNAM.<\/p>\n\n\n\n<p>Tambi\u00e9n,\nhaberse distinguido en su especialidad, gozar de estimaci\u00f3n general como\npersona honorable y prudente, as\u00ed como no ser miembro de la Junta de Gobierno\nni haberlo sido durante los dos \u00faltimos a\u00f1os.<\/p>\n\n\n\n<p>Integran\nla Junta de Gobierno: Alberto Adam Siade, Ana Rosa Barahona Echeverr\u00eda, Eduardo\nB\u00e1rzana Garc\u00eda, \u00d3scar de Buen Richkarday, Gerardo Jorge Cadena Roa, Patricia\nElena Clark Peralta y Teresita Corona V\u00e1zquez.<\/p>\n\n\n\n<p>Adem\u00e1s,\nJavier Garciadiego Dantan, Roc\u00edo J\u00e1uregui Renaud, Rafael Lira Saade, Jos\u00e9 de\nJes\u00fas Orozco Henr\u00edquez, Vicente Quirarte Casta\u00f1eda, Francisco Xavier Sober\u00f3n\nMainero, Jaime Humberto Urrutia Fucugauchi y Gina Zabludovsky Kuper.<\/p>\n","protected":false},"excerpt":{"rendered":"<p>Redacci\u00f3n\/Zona Roja Cdmx. Ciudad de M\u00e9xico, 9 de noviembre de 2019.- Enrique Graue Wiechers fue&hellip;<\/p>\n","protected":false},"author":2,"featured_media":5582,"comment_status":"closed","ping_status":"open","sticky":false,"template":"","format":"standard","meta":{"_lmt_disableupdate":"","_lmt_disable":"","_jetpack_memberships_contains_paid_content":false,"footnotes":""},"categories":[109,46],"tags":[982,983],"class_list":["post-5581","post","type-post","status-publish","format-standard","has-post-thumbnail","hentry","category-minuto-a-minuto","category-zona-blanca","tag-enrique-graue-wiechers","tag-universidad-nacional-autonoma-de-mexico-unam"],"jetpack_featured_media_url":"https:\/\/zonaroja.com.mx\/wp-content\/uploads\/2019\/11\/Image-1-43-1.png","jetpack_sharing_enabled":true,"_links":{"self":[{"href":"https:\/\/zonaroja.com.mx\/index.php?rest_route=\/wp\/v2\/posts\/5581","targetHints":{"allow":["GET"]}}],"collection":[{"href":"https:\/\/zonaroja.com.mx\/index.php?rest_route=\/wp\/v2\/posts"}],"about":[{"href":"https:\/\/zonaroja.com.mx\/index.php?rest_route=\/wp\/v2\/types\/post"}],"author":[{"embeddable":true,"href":"https:\/\/zonaroja.com.mx\/index.php?rest_route=\/wp\/v2\/users\/2"}],"replies":[{"embeddable":true,"href":"https:\/\/zonaroja.com.mx\/index.php?rest_route=%2Fwp%2Fv2%2Fcomments&post=5581"}],"version-history":[{"count":1,"href":"https:\/\/zonaroja.com.mx\/index.php?rest_route=\/wp\/v2\/posts\/5581\/revisions"}],"predecessor-version":[{"id":5583,"href":"https:\/\/zonaroja.com.mx\/index.php?rest_route=\/wp\/v2\/posts\/5581\/revisions\/5583"}],"wp:featuredmedia":[{"embeddable":true,"href":"https:\/\/zonaroja.com.mx\/index.php?rest_route=\/wp\/v2\/media\/5582"}],"wp:attachment":[{"href":"https:\/\/zonaroja.com.mx\/index.php?rest_route=%2Fwp%2Fv2%2Fmedia&parent=5581"}],"wp:term":[{"taxonomy":"category","embeddable":true,"href":"https:\/\/zonaroja.com.mx\/index.php?rest_route=%2Fwp%2Fv2%2Fcategories&post=5581"},{"taxonomy":"post_tag","embeddable":true,"href":"https:\/\/zonaroja.com.mx\/index.php?rest_route=%2Fwp%2Fv2%2Ftags&post=5581"}],"curies":[{"name":"wp","href":"https:\/\/api.w.org\/{rel}","templated":true}]}}