{"id":55830,"date":"2023-05-30T09:30:00","date_gmt":"2023-05-30T14:30:00","guid":{"rendered":"http:\/\/www.zonaroja.com.mx\/?p=55830"},"modified":"2023-05-30T08:14:06","modified_gmt":"2023-05-30T13:14:06","slug":"estalla-enesimo-conflicto-agrario-ahora-en-la-region-del-istmo","status":"publish","type":"post","link":"https:\/\/zonaroja.com.mx\/?p=55830","title":{"rendered":"Estalla en\u00e9simo conflicto agrario, ahora en la regi\u00f3n del Istmo"},"content":{"rendered":"\n<p>Redacci\u00f3n\/Zona Roja.<\/p>\n\n\n\n<p>Oaxaca de Ju\u00e1rez, Oax., a 30 de mayo de 2023.- Un en\u00e9simo conflicto agrario estall\u00f3 este lunes, ahora en la regi\u00f3n del Istmo de Tehuantepec.<\/p>\n\n\n\n<p>Se trata de las comunidades de San Dionisio del Mar y Chicapa de Castro, esta \u00faltimo agencia de Juchit\u00e1n, por la disputa de m\u00e1s de mil 700 hect\u00e1reas.<\/p>\n\n\n\n<p>Hasta el momento permanece la tensi\u00f3n en la zona aunque no se han registrado hechos violentos, luego que Chicapa cav\u00f3 una zanja en la carretera que comunica a San Dionisio, para bloquear el paso de veh\u00edculos y personas.<\/p>\n\n\n\n<p>Hasta esta ma\u00f1ana el Gobierno del Estado de Oaxaca, a trav\u00e9s de la Secretar\u00eda de Gobierno, no ha emitido ninguna informaci\u00f3n al respecto.<\/p>\n\n\n\n<p>De acuerdo con habitantes de Chicapa, fueron sus vecinos de San Dionisio del Mar quienes rompieron el acuerdo e invadieron su territorio, por lo cual se vieron en a necesidad cerrar el paso y exigir la intervenci\u00f3n de las autoridades estatales y federales.<\/p>\n\n\n\n<p>El litigio por las mil 700 hect\u00e1reas contin\u00faa en el Tribunal Unitario Agrario, al cual demandaron tambi\u00e9n agilice la resoluci\u00f3n, pues advirtieron que el conflicto podr\u00eda derivar en hechos violentos.<\/p>\n\n\n\n<p>Amagaron adem\u00e1s que, de no haber intervenci\u00f3n del gobierno, radicalizar\u00e1n sus acciones y cortar\u00e1n el suministro de agua potable y de energ\u00eda el\u00e9ctrica.<\/p>\n","protected":false},"excerpt":{"rendered":"<p>Redacci\u00f3n\/Zona Roja. Oaxaca de Ju\u00e1rez, Oax., a 30 de mayo de 2023.- Un en\u00e9simo conflicto&hellip;<\/p>\n","protected":false},"author":2,"featured_media":55833,"comment_status":"closed","ping_status":"open","sticky":false,"template":"","format":"standard","meta":{"_lmt_disableupdate":"","_lmt_disable":"","_jetpack_memberships_contains_paid_content":false,"footnotes":""},"categories":[109,47],"tags":[634],"class_list":["post-55830","post","type-post","status-publish","format-standard","has-post-thumbnail","hentry","category-minuto-a-minuto","category-zona-gris","tag-san-dionisio-del-mar"],"jetpack_featured_media_url":"https:\/\/zonaroja.com.mx\/wp-content\/uploads\/2023\/05\/Bloqueo-San-Dionisio-del-Mar.jpeg","jetpack_sharing_enabled":true,"_links":{"self":[{"href":"https:\/\/zonaroja.com.mx\/index.php?rest_route=\/wp\/v2\/posts\/55830","targetHints":{"allow":["GET"]}}],"collection":[{"href":"https:\/\/zonaroja.com.mx\/index.php?rest_route=\/wp\/v2\/posts"}],"about":[{"href":"https:\/\/zonaroja.com.mx\/index.php?rest_route=\/wp\/v2\/types\/post"}],"author":[{"embeddable":true,"href":"https:\/\/zonaroja.com.mx\/index.php?rest_route=\/wp\/v2\/users\/2"}],"replies":[{"embeddable":true,"href":"https:\/\/zonaroja.com.mx\/index.php?rest_route=%2Fwp%2Fv2%2Fcomments&post=55830"}],"version-history":[{"count":1,"href":"https:\/\/zonaroja.com.mx\/index.php?rest_route=\/wp\/v2\/posts\/55830\/revisions"}],"predecessor-version":[{"id":55831,"href":"https:\/\/zonaroja.com.mx\/index.php?rest_route=\/wp\/v2\/posts\/55830\/revisions\/55831"}],"wp:featuredmedia":[{"embeddable":true,"href":"https:\/\/zonaroja.com.mx\/index.php?rest_route=\/wp\/v2\/media\/55833"}],"wp:attachment":[{"href":"https:\/\/zonaroja.com.mx\/index.php?rest_route=%2Fwp%2Fv2%2Fmedia&parent=55830"}],"wp:term":[{"taxonomy":"category","embeddable":true,"href":"https:\/\/zonaroja.com.mx\/index.php?rest_route=%2Fwp%2Fv2%2Fcategories&post=55830"},{"taxonomy":"post_tag","embeddable":true,"href":"https:\/\/zonaroja.com.mx\/index.php?rest_route=%2Fwp%2Fv2%2Ftags&post=55830"}],"curies":[{"name":"wp","href":"https:\/\/api.w.org\/{rel}","templated":true}]}}