{"id":55832,"date":"2023-05-30T10:10:00","date_gmt":"2023-05-30T15:10:00","guid":{"rendered":"http:\/\/www.zonaroja.com.mx\/?p=55832"},"modified":"2023-05-30T08:12:54","modified_gmt":"2023-05-30T13:12:54","slug":"otra-vez-amlo-ataca-a-la-prensa-ahora-por-declaraciones-de-aristegui","status":"publish","type":"post","link":"https:\/\/zonaroja.com.mx\/?p=55832","title":{"rendered":"Otra vez, AMLO ataca a la prensa, ahora por declaraciones de Aristegui"},"content":{"rendered":"\n<p>Redacci\u00f3n\/Zona Roja Cdmx.<\/p>\n\n\n\n<p>Ciudad de M\u00e9xico, a 30 de mayo de 2023.- En un nuevo embate contra la prensa, el Presidente Andr\u00e9s Manuel L\u00f3pez Obrador manifest\u00f3 su descontento con la periodista Carmen Aristegui, quien fue galardonada con el premio H\u00e9roe Mundial de la Libertad de Prensa 2023, otorgado por el Instituto Internacional de Prensa (IPI) y el Soporte de Medios Internacionales (IMS).<\/p>\n\n\n\n<p>Durante la ceremonia especial en Viena, Austria, Aristegui denunci\u00f3 los \u201carteros y directos\u201d ataques a comunicadores en M\u00e9xico por parte de \u201cpol\u00edticos del m\u00e1s alto nivel\u201d, empezando por el Presidente L\u00f3pez Obrador, a quien acus\u00f3 de lanzar \u201cdardos con veneno\u201d desde sus conferencias matutinas a todo aquel que opine diferente.<\/p>\n\n\n\n<p>Al afirmar que son \u201ctiempos dif\u00edciles\u201d para la prensa, expuso que M\u00e9xico es uno de los pa\u00edses m\u00e1s peligrosos para ejercer el periodismo, pues de 2000 a 2022 se han documentado 157 asesinatos en de comunicadores y trabajadores de medios de comunicaci\u00f3n. \u201cMuertes, casi todas, que han quedado en la impunidad\u201d,<\/p>\n\n\n\n<p>\u201cAsesinar a un periodista es asesinar los derechos de la sociedad a saber y estar informados. Y si no hay consecuencias, como no las hay, y si hay impunidad, como la hay, es una invitaci\u00f3n a seguir asesinando. Es permitir que se sigan apagando ojos, o\u00eddos, voces que no estar\u00e1n m\u00e1s para informarnos\u201d, lament\u00f3.<\/p>\n\n\n\n<p>Aristegui tambi\u00e9n aprovech\u00f3 para denunciar censura y espionaje contra medios de comunicaci\u00f3n y periodistas, e incluso record\u00f3 que tanto ella como su familia fueron vigiladas a trav\u00e9s del software Pegasus.<\/p>\n\n\n\n<p>\u201cQUER\u00cdA PRIVILEGIOS\u201d<\/p>\n\n\n\n<p>Durante su conferencia matutina de este lunes 29 de mayo, el Presidente Andr\u00e9s Manuel L\u00f3pez Obrador arremeti\u00f3 contra diversos periodistas, entre ellos Carlos Loret de Mola, Joaqu\u00edn L\u00f3pez-D\u00f3riga y Carmen Aristegui, quien, afirm\u00f3, quer\u00eda continuar con las \u201ccalumnias\u201d sobre su gobierno.<\/p>\n\n\n\n<p>Respecto al discurso de la periodista, L\u00f3pez Obrador acus\u00f3 que sus quejas suceden porque ella quer\u00eda \u201cmantener sus privilegios\u201d y, como otros comunicadores, seguir \u201cmanipulando\u201d la opini\u00f3n de las y los mexicanos.<\/p>\n\n\n\n<p>\u201cElla quer\u00eda, como muchos otros, mantener el privilegio de agredir, de mentir, de difamar y de calumniar. Nada m\u00e1s ellos, \u00bfy la r\u00e9plica?, \u00bfy la comunicaci\u00f3n?, \u00bfy los mensajes de ida vuelta? (&#8230;). Escuchen a L\u00f3pez D\u00f3riga, a Ciro y a Loret, \u00a1pues claro que han logrado manipular!\u201d, reclam\u00f3.<\/p>\n\n\n\n<p>En ese sentido, el mandatario tabasque\u00f1o justific\u00f3 sus declaraciones desde Palacio Nacional al afirmar que los periodistas que critican su proyecto pol\u00edtico defienden \u201cun proyecto antipopular\u201d, que fomenta la desigualdad, la corrupci\u00f3n y, adem\u00e1s, reproduce discursos racistas y clasistas.<\/p>\n\n\n\n<p>\u201cEllos est\u00e1 defendiendo un proyecto antipopular, que ha protegido la corrupci\u00f3n en M\u00e9xico, que ha permitido que se produzca una monstruosa desigualdad econ\u00f3mica y social. Ellos, con sus posturas, han fomentado el clasismo o lo han tolerado. Han fomentado el racismo, o lo han tolerado. Han fomentado la corrupci\u00f3n, o la han tolerado. Todo aquello que perjudique a la mayor\u00eda del pueblo y a la naci\u00f3n en su conjunto, entonces c\u00f3mo no voy a defender el proyecto de transformaci\u00f3n si es defender a la mayor\u00eda del pueblo. C\u00f3mo me voy a quedar callado\u201d, respondi\u00f3.<\/p>\n\n\n\n<p>Sin poner freno a sus \u201cdardos\u201d contra la prensa, el titular del Ejecutivo Federal pronostic\u00f3 que, debido a las elecciones del pr\u00f3ximo 4 de junio, donde se renovar\u00e1n las gubernaturas de Coahuila y el Estado de M\u00e9xico, se detonar\u00e1 el \u201cj\u00fabilo\u201d de sus opositores por \u201cla campa\u00f1a\u201d que habr\u00e1n de emprender en contra de su Gobierno.<\/p>\n\n\n\n<p>\u201cLa campa\u00f1a a todo lo que da. Les puedo garantizar que esta semana ser\u00e1 la de m\u00e1s j\u00fabilo porque se vienen las elecciones. Sobre todo las del Estado de M\u00e9xico\u201d, estim\u00f3, e hizo responsables a medios de comunicaci\u00f3n por priorizar la supuesta cobertura en su contra en la entidad mexiquense.<\/p>\n\n\n\n<p>(Informaci\u00f3n de Infobae M\u00e9xico)<\/p>\n","protected":false},"excerpt":{"rendered":"<p>Redacci\u00f3n\/Zona Roja Cdmx. Ciudad de M\u00e9xico, a 30 de mayo de 2023.- En un nuevo&hellip;<\/p>\n","protected":false},"author":2,"featured_media":55834,"comment_status":"closed","ping_status":"open","sticky":false,"template":"","format":"standard","meta":{"_lmt_disableupdate":"","_lmt_disable":"","_jetpack_memberships_contains_paid_content":false,"footnotes":""},"categories":[109,47],"tags":[143],"class_list":["post-55832","post","type-post","status-publish","format-standard","has-post-thumbnail","hentry","category-minuto-a-minuto","category-zona-gris","tag-andres-manuel-lopez-obrador"],"jetpack_featured_media_url":"https:\/\/zonaroja.com.mx\/wp-content\/uploads\/2023\/05\/Lopez-Obrador-y-Carmen-Aristegui.jpeg","jetpack_sharing_enabled":true,"_links":{"self":[{"href":"https:\/\/zonaroja.com.mx\/index.php?rest_route=\/wp\/v2\/posts\/55832","targetHints":{"allow":["GET"]}}],"collection":[{"href":"https:\/\/zonaroja.com.mx\/index.php?rest_route=\/wp\/v2\/posts"}],"about":[{"href":"https:\/\/zonaroja.com.mx\/index.php?rest_route=\/wp\/v2\/types\/post"}],"author":[{"embeddable":true,"href":"https:\/\/zonaroja.com.mx\/index.php?rest_route=\/wp\/v2\/users\/2"}],"replies":[{"embeddable":true,"href":"https:\/\/zonaroja.com.mx\/index.php?rest_route=%2Fwp%2Fv2%2Fcomments&post=55832"}],"version-history":[{"count":1,"href":"https:\/\/zonaroja.com.mx\/index.php?rest_route=\/wp\/v2\/posts\/55832\/revisions"}],"predecessor-version":[{"id":55835,"href":"https:\/\/zonaroja.com.mx\/index.php?rest_route=\/wp\/v2\/posts\/55832\/revisions\/55835"}],"wp:featuredmedia":[{"embeddable":true,"href":"https:\/\/zonaroja.com.mx\/index.php?rest_route=\/wp\/v2\/media\/55834"}],"wp:attachment":[{"href":"https:\/\/zonaroja.com.mx\/index.php?rest_route=%2Fwp%2Fv2%2Fmedia&parent=55832"}],"wp:term":[{"taxonomy":"category","embeddable":true,"href":"https:\/\/zonaroja.com.mx\/index.php?rest_route=%2Fwp%2Fv2%2Fcategories&post=55832"},{"taxonomy":"post_tag","embeddable":true,"href":"https:\/\/zonaroja.com.mx\/index.php?rest_route=%2Fwp%2Fv2%2Ftags&post=55832"}],"curies":[{"name":"wp","href":"https:\/\/api.w.org\/{rel}","templated":true}]}}