{"id":55839,"date":"2023-05-30T12:30:00","date_gmt":"2023-05-30T17:30:00","guid":{"rendered":"http:\/\/www.zonaroja.com.mx\/?p=55839"},"modified":"2023-05-30T08:29:53","modified_gmt":"2023-05-30T13:29:53","slug":"arrecian-ataques-entre-rusia-y-ucrania-ahora-con-drones","status":"publish","type":"post","link":"https:\/\/zonaroja.com.mx\/?p=55839","title":{"rendered":"Arrecian ataques entre Rusia y Ucrania, ahora con drones"},"content":{"rendered":"\n<p>Redacci\u00f3n\/Zona Roja Cdmx.<\/p>\n\n\n\n<p>Ciudad de M\u00e9xico, a 30 de mayo de 2023.- La capital de Rusia sufri\u00f3 ayer un raro ataque con drones que provoc\u00f3 da\u00f1os \u201cmenores\u201d en edificios, aunque no dej\u00f3 v\u00edctimas, inform\u00f3 el alcalde de la ciudad, Sergu\u00e9i Sobianine.&nbsp;<\/p>\n\n\n\n<p>\u201cUn ataque con drones caus\u00f3 da\u00f1os menores en varios edificios. Todos los servicios de emergencia fueron activados (&#8230;) Nadie result\u00f3 seriamente herido hasta el momento\u201d, escribi\u00f3 Sobianine en Telegram.&nbsp;<\/p>\n\n\n\n<p>Mosc\u00fa y su entorno han sido raramente atacados de esa manera desde el inicio del conflicto con Ucrania, aunque estas acciones han aumentado en otras partes de Rusia. Hay im\u00e1genes que muestran rastros de humo en el cielo.<\/p>\n\n\n\n<p>Asimismo, Rusia asegur\u00f3 ayer que su ej\u00e9rcito atac\u00f3 bases a\u00e9reas ucranias durante la noche y que las fuerzas ucranias bombardearon instalaciones industriales en el interior de Rusia, en un momento en que ambas partes buscan la ventaja antes de lo que Kiev espera que sea una contraofensiva decisiva.<\/p>\n\n\n\n<p>En un raro reconocimiento de da\u00f1os a un \u201cobjetivo\u201d militar, Ucrania indic\u00f3 que se trabaja para restaurar una pista de aterrizaje y que cinco aviones fueron puestos fuera de servicio en la regi\u00f3n occidental de Khmelnitskiy, aunque no dio m\u00e1s detalles.<\/p>\n\n\n\n<p>Antes de la guerra hab\u00eda en la regi\u00f3n un gran aer\u00f3dromo militar. \u201cContin\u00faan los trabajos para contener los incendios en los almacenes de combustible, lubricantes y municiones\u201d, inform\u00f3 la oficina del gobernador de Khmelnitskiy.<\/p>\n\n\n\n<p>El ministerio ruso de Defensa declar\u00f3 que m\u00e1s de una base a\u00e9rea fue alcanzada, de acuerdo con la agencia de noticias estatal rusa RIA , pero no hubo confirmaci\u00f3n de Ucrania de da\u00f1os en ninguna otra base a\u00e9rea.<\/p>\n\n\n\n<p>La capital ucrania fue atacada por la ma\u00f1ana, tras una segunda noche de bombardeos. Sin embargo, las autoridades afirmaron que la mayor\u00eda de los drones y misiles disparados durante la noche hab\u00edan sido derribados y que por la ma\u00f1ana no se hab\u00eda alcanzado ning\u00fan objetivo, aunque un civil result\u00f3 herido por los escombros.<\/p>\n\n\n\n<p>Kiev asegur\u00f3 que derrib\u00f3 29 de los 35 aviones no tripulados y 37 de los 40 misiles de crucero disparados durante la noche, y la administraci\u00f3n militar de Kiev declar\u00f3 que sus defensas a\u00e9reas hab\u00edan derribado m\u00e1s de 40 de los \u201cobjetivos\u201d disparados en su contra.<\/p>\n\n\n\n<p>Ante la intensidad de las explosiones, muchos habitantes colmaron los refugios subterr\u00e1neos, sobre todo en el Metro. Muchos residentes se hab\u00edan acostumbrado a ignorar las sirenas, pero los numerosos ataques ayer sembraron el p\u00e1nico.<\/p>\n\n\n\n<p>El ej\u00e9rcito ucranio report\u00f3 que un ataque al puerto de Odesa provoc\u00f3 un incendio y da\u00f1\u00f3 infraestructuras, pero no especific\u00f3 si los da\u00f1os amenazaban las exportaciones de grano. El pa\u00eds es un importante proveedor mundial de grano y el puerto es vital para el env\u00edo de productos agr\u00edcolas al extranjero.<\/p>\n\n\n\n<p>Tras meses de ataques contra instalaciones energ\u00e9ticas, Rusia, que comenz\u00f3 la invasi\u00f3n a Ucrania hace poco m\u00e1s de 15 meses, ataca ahora instalaciones y suministros militares para tratar de interrumpir los preparativos de Ucrania para su contrataque, afirmaron las autoridades ucranias.<\/p>\n\n\n\n<p>(Informaci\u00f3n de \u201cLa Jornada\u201d)<\/p>\n","protected":false},"excerpt":{"rendered":"<p>Redacci\u00f3n\/Zona Roja Cdmx. Ciudad de M\u00e9xico, a 30 de mayo de 2023.- La capital de&hellip;<\/p>\n","protected":false},"author":2,"featured_media":47044,"comment_status":"closed","ping_status":"open","sticky":false,"template":"","format":"standard","meta":{"_lmt_disableupdate":"","_lmt_disable":"","_jetpack_memberships_contains_paid_content":false,"footnotes":""},"categories":[109,47],"tags":[3040],"class_list":["post-55839","post","type-post","status-publish","format-standard","has-post-thumbnail","hentry","category-minuto-a-minuto","category-zona-gris","tag-conflicto-ucrania-rusia-2"],"jetpack_featured_media_url":"https:\/\/zonaroja.com.mx\/wp-content\/uploads\/2022\/10\/Drones-Kamikaze-Rusia.jpeg","jetpack_sharing_enabled":true,"_links":{"self":[{"href":"https:\/\/zonaroja.com.mx\/index.php?rest_route=\/wp\/v2\/posts\/55839","targetHints":{"allow":["GET"]}}],"collection":[{"href":"https:\/\/zonaroja.com.mx\/index.php?rest_route=\/wp\/v2\/posts"}],"about":[{"href":"https:\/\/zonaroja.com.mx\/index.php?rest_route=\/wp\/v2\/types\/post"}],"author":[{"embeddable":true,"href":"https:\/\/zonaroja.com.mx\/index.php?rest_route=\/wp\/v2\/users\/2"}],"replies":[{"embeddable":true,"href":"https:\/\/zonaroja.com.mx\/index.php?rest_route=%2Fwp%2Fv2%2Fcomments&post=55839"}],"version-history":[{"count":1,"href":"https:\/\/zonaroja.com.mx\/index.php?rest_route=\/wp\/v2\/posts\/55839\/revisions"}],"predecessor-version":[{"id":55840,"href":"https:\/\/zonaroja.com.mx\/index.php?rest_route=\/wp\/v2\/posts\/55839\/revisions\/55840"}],"wp:featuredmedia":[{"embeddable":true,"href":"https:\/\/zonaroja.com.mx\/index.php?rest_route=\/wp\/v2\/media\/47044"}],"wp:attachment":[{"href":"https:\/\/zonaroja.com.mx\/index.php?rest_route=%2Fwp%2Fv2%2Fmedia&parent=55839"}],"wp:term":[{"taxonomy":"category","embeddable":true,"href":"https:\/\/zonaroja.com.mx\/index.php?rest_route=%2Fwp%2Fv2%2Fcategories&post=55839"},{"taxonomy":"post_tag","embeddable":true,"href":"https:\/\/zonaroja.com.mx\/index.php?rest_route=%2Fwp%2Fv2%2Ftags&post=55839"}],"curies":[{"name":"wp","href":"https:\/\/api.w.org\/{rel}","templated":true}]}}