{"id":5584,"date":"2019-11-09T16:22:40","date_gmt":"2019-11-09T22:22:40","guid":{"rendered":"http:\/\/www.zonaroja.com.mx\/?p=5584"},"modified":"2019-11-09T16:22:44","modified_gmt":"2019-11-09T22:22:44","slug":"mijo-te-quiero-ver-papa-donde-estas-mijo-abrazame-por-favor","status":"publish","type":"post","link":"https:\/\/zonaroja.com.mx\/?p=5584","title":{"rendered":"\u201c\u00a1Mi\u2019jo!, \u00a1te quiero ver pap\u00e1!, \u00a1d\u00f3nde est\u00e1s mi\u2019jo!, \u00a1abr\u00e1zame! \u00a1Por favor!\u201d"},"content":{"rendered":"\n<p>Redacci\u00f3n\/Zona\nRoja.<\/p>\n\n\n\n<p>San\nBartolo Coyotepec, Oax., 9 de noviembre de 2019.- La madre estaba desconsolada.\nComo muchas madres, como muchos hijos, como cinco esposas. Como la familia\npolicial.<\/p>\n\n\n\n<p>El\ncuartel de la Polic\u00eda Estatal fue insuficiente para albergar el llanto, el\nluto, la tristeza, por los cinco uniformados masacrados ayer en San Vicente\nCoatl\u00e1n, Ejutla. <\/p>\n\n\n\n<p>\u201c\u00a1Mi\u2019jo!,\n\u00a1te quiero ver pap\u00e1\u201d, \u00a1d\u00f3nde est\u00e1s mi\u2019jo!, \u00a1abr\u00e1zame! \u00a1Por favor!\u201d. Los gritos,\nde una madre que perdi\u00f3 a uno de sus seres queridos. No lo volvi\u00f3 a ver desde\nque sali\u00f3 de casa, asignado a labores de patrullaje en el distrito de Ejutla.<\/p>\n\n\n\n<p>\u201c\u00a1Por\nqu\u00e9 me hacen esto!, \u00a1por qu\u00e9! \u00a1Mi\u2019jo, no te vayas mi\u2019jo!\u201d, los llantos de una\nsencilla ama de casa. <\/p>\n\n\n\n<p>Como\nella, hermanas, hermanos, polic\u00edas, derramaron l\u00e1grimas por los uniformados,\nque cada vez que salen del hogar, nunca saben si regresar\u00e1n.<\/p>\n\n\n\n<p>HORAS\nDE CONFUSI\u00d3N<\/p>\n\n\n\n<p>Horas\nantes, la confusi\u00f3n y la desinformaci\u00f3n oficial. Desde que pasaron los hechos,\nalrededor de las 18:00 horas, hasta casi las 23:00 horas, no hubo informaci\u00f3n\noficial.<\/p>\n\n\n\n<p>Las\nredes sociales, la \u00fanica alternativa para obtener datos, fotograf\u00edas y videos\nde la cruel escena: dos patrullas acribilladas, elementos uniformados sobre las\nfr\u00edas planchas, con la cabeza destrozada unos, con el pecho perforado otros.<\/p>\n\n\n\n<p>No fue sino minutos antes de las once de la noche en que la Secretar\u00eda de Seguridad P\u00fablica emiti\u00f3 su comunicado; 15 minutos despu\u00e9s lo hizo la Fiscal\u00eda General, para reproducir lo que ya era una noticia mundial: la masacre de polic\u00edas.<\/p>\n\n\n\n<figure class=\"wp-block-image\"><img decoding=\"async\" width=\"1024\" height=\"768\" src=\"http:\/\/www.zonaroja.com.mx\/wp-content\/uploads\/2019\/11\/Homenaje-polic\u00edas-estatales-2-1024x768.jpg\" alt=\"\" class=\"wp-image-5585\" srcset=\"https:\/\/zonaroja.com.mx\/wp-content\/uploads\/2019\/11\/Homenaje-polic\u00edas-estatales-2-1024x768.jpg 1024w, https:\/\/zonaroja.com.mx\/wp-content\/uploads\/2019\/11\/Homenaje-polic\u00edas-estatales-2-300x225.jpg 300w, https:\/\/zonaroja.com.mx\/wp-content\/uploads\/2019\/11\/Homenaje-polic\u00edas-estatales-2-768x576.jpg 768w, https:\/\/zonaroja.com.mx\/wp-content\/uploads\/2019\/11\/Homenaje-polic\u00edas-estatales-2-1170x878.jpg 1170w, https:\/\/zonaroja.com.mx\/wp-content\/uploads\/2019\/11\/Homenaje-polic\u00edas-estatales-2-585x439.jpg 585w, https:\/\/zonaroja.com.mx\/wp-content\/uploads\/2019\/11\/Homenaje-polic\u00edas-estatales-2.jpg 1280w\" sizes=\"(max-width: 1024px) 100vw, 1024px\" \/><\/figure>\n\n\n\n<p>MA\u00d1ANA\nINCIERTA<\/p>\n\n\n\n<p>En\nel transcurso de la madrugada y hasta la ma\u00f1ana de hoy, la incertidumbre, y\notra vez las redes sociales para desplegar el odio, el enojo, los llamados a un\nparo de labores; la irritaci\u00f3n por la falta de tacto de los mandos policiales,\npor el desconocimiento de la zona, por enviar al matadero a los uniformados.<\/p>\n\n\n\n<p>\u201cYa\nest\u00e1n llegando los cuerpos a la Fiscal\u00eda General en el centro; las familias no\nvan a permitir un homenaje, est\u00e1n enojados\u201d, los mensajes por doquier. \u201cEstamos\npreparando un paro de labores, llamamos a los polic\u00edas a unirnos, no queremos\nm\u00e1s muertos, queremos justicia\u201d, los clamores.<\/p>\n\n\n\n<p>Alrededor\nde las nueve de la ma\u00f1ana, un pase de lista que encabez\u00f3 en el cuartel el\nsecretario de Seguridad, Ra\u00fal Ernesto Salcedo, para calmar los \u00e1nimos.<\/p>\n\n\n\n<p>Tras\nellos, rumores de una conferencia de prensa, citada para unos cuantos\nperiodistas. Finalmente a las 10:00 de la ma\u00f1ana, la versi\u00f3n de las autoridades\npoliciales.<\/p>\n\n\n\n<p>LLANTO\nY LUTO<\/p>\n\n\n\n<p>Tras\nello, en medio del desconcierto, el descontrol, la desorganizaci\u00f3n en la\nSecretar\u00eda de Seguridad, se organiz\u00f3 un homenaje de despedida. A prisa\narribaron los ata\u00fades, custodiados por patrullas. Algunos familiares ya\nesperaban, todos en llanto.<\/p>\n\n\n\n<p>El\ndirector del Cuerpo de Bomberos, dirigi\u00f3 la ceremonia, que al paso le fueron\nagregando puntos del orden del d\u00eda; aprisa, ya con el homenaje, llegaron\nelementos de la Agencia Estatal de Investigaciones y parte de la Polic\u00eda Vial.<\/p>\n\n\n\n<p>Palabras\nde consuelo, empe\u00f1os de justicia, compromisos de apoyo a los deudos. <\/p>\n\n\n\n<p>El\npase de lista: \u00a1M\u00e1ximo Medrano Onofre! \u00a1Presente!; \u00a1Presente!; \u00a1Pedro L\u00f3pez\nRam\u00edrez! \u00a1Presente!; \u00a1Bryan Talledos Toribio! \u00a1Presente!; \u00a1Germ\u00e1n Jim\u00e9nez\nL\u00f3pez! \u00a1Presente!; \u00a1Hildeberto Flores Ib\u00e1\u00f1ez! \u00a1Presente!<\/p>\n\n\n\n<p>Un\nminuto de aplausos, el \u201cDios nunca muere\u201d y las \u201cGolondrinas\u201d para los hombres\nca\u00ecdos. La bandera en manos de los familiares y los ata\u00fades, de regreso a su\ntierra, a Zimatl\u00e1n, a Cuicatl\u00e1n, a Cuil\u00e1pam, a Puerto Escondido, a Ejutla, a su\ndestino final.<\/p>\n\n\n\n<p>Wilfrido,\nhermano de Germ\u00e1n Jim\u00e9nez L\u00f3pez, clama sin poder contener las l\u00e1grimas:<\/p>\n\n\n\n<p>\u201c\u00a1Justicia, justicia, justicia es lo que pedimos!. De verdad que la seguridad, doblen los refuerzos, que se sumen las dem\u00e1s instituciones, que no quede en vano esto. Se siente feo, se siente feo perder un familiar. Justicia es lo que queremos\u201d.<\/p>\n\n\n\n<figure class=\"wp-block-embed-twitter wp-block-embed is-type-rich is-provider-twitter\"><div class=\"wp-block-embed__wrapper\">\n<div class=\"twitter-tweet\"><blockquote class=\"twitter-tweet\" data-lang=\"es\"><p lang=\"es\" dir=\"ltr\">Entre l\u00e1grimas y reclamos, los familiares de los cinco polic\u00edas de Oaxaca asesinados a balazos ayer en Coatl\u00e1n, recibieron la Bandera Nacional de manos de las autoridades de la <a href=\"https:\/\/twitter.com\/SSP_GobOax?ref_src=twsrc%5Etfw\">@SSP_GobOax<\/a>, en el cuartel estatal. <a href=\"https:\/\/t.co\/IxwQSaYTBA\">pic.twitter.com\/IxwQSaYTBA<\/a><\/p>&mdash; Zona Roja Oaxaca (@MexRoja) <a href=\"https:\/\/twitter.com\/MexRoja\/status\/1193236672806359041?ref_src=twsrc%5Etfw\">9 de noviembre de 2019<\/a><\/blockquote><\/div>\n<\/div><\/figure>\n\n\n\n<p>NIEGA\nPARO DE LABORES<\/p>\n\n\n\n<p>En\nla conferencia de prensa previa, el secretario de Seguridad P\u00fablica de Oaxaca,\nRa\u00fal Ernesto Salcedo Rosales, conden\u00f3 los hechos y asegur\u00f3 que los deudos ser\u00e1n\nrespaldados por la dependencia.<\/p>\n\n\n\n<p>Hizo\nun llamado de unidad y lealtad por parte del personal, con lo que descart\u00f3 el\nparo de labores por parte de elemento de seguridad en la entidad, tras los\nmensajes en redes sociales en lo que exig\u00edan justicia para sus compa\u00f1eros y\ndejaban ver las posibilidades de suspender labores.<\/p>\n\n\n\n<p>\u201cHay\nmolestia por parte de los elementos, la compartimos, pero la Polic\u00eda Estatal la\ndistingue la disciplina, el orden, la lealtad y el trabajo en equipo, desde\nanoche y como todos los d\u00edas estamos trabajando y no hay convocatoria alguna\npara un paro de labores\u201d, dijo.&nbsp; <\/p>\n\n\n\n<p>Reiter\u00f3\nque la dependencia esta unida en estos momentos y aunque lastimada con la\nsituaci\u00f3n reciente en la que murieron cinco de sus compa\u00f1eros, han reafirmado\nsu compromiso a la unidad a fin de cumplir su labor en beneficio de la\nciudadan\u00eda e incluso insisti\u00f3 en que Oaxaca sigue siendo de los 10 estados m\u00e1s\nseguros del pa\u00eds.&nbsp;&nbsp; <\/p>\n\n\n\n<p>Salcedo Rosales se comprometi\u00f3 a velar porque las familias de las v\u00edctimas reciban el respaldo de las autoridades, por lo que de forma personal supervisar\u00e1 que el \u00e1rea administrativa de la dependencia garantice el derecho que tienen las y los deudos de los elementos asesinados.<\/p>\n\n\n\n<figure class=\"wp-block-embed-twitter wp-block-embed is-type-rich is-provider-twitter\"><div class=\"wp-block-embed__wrapper\">\n<div class=\"twitter-tweet\"><blockquote class=\"twitter-tweet\" data-lang=\"es\"><p lang=\"es\" dir=\"ltr\">En conferencia de prensa, el titular de la <a href=\"https:\/\/twitter.com\/SSP_GobOax?ref_src=twsrc%5Etfw\">@SSP_GobOax<\/a>, Ra\u00fal Ernesto Salcedo, detall\u00f3 la forma en que fueron emboscados ayer los elementos de la <a href=\"https:\/\/twitter.com\/Policia_GobOax?ref_src=twsrc%5Etfw\">@Policia_GobOax<\/a>; garantiz\u00f3 el apoyo a deudos y familiares de los uniformados asesinados cuando cumpl\u00edan su deber. <a href=\"https:\/\/t.co\/yppu9epgpA\">pic.twitter.com\/yppu9epgpA<\/a><\/p>&mdash; Zona Roja Oaxaca (@MexRoja) <a href=\"https:\/\/twitter.com\/MexRoja\/status\/1193238968164376576?ref_src=twsrc%5Etfw\">9 de noviembre de 2019<\/a><\/blockquote><\/div>\n<\/div><\/figure>\n\n\n\n<p>Ante\nla difusi\u00f3n de las im\u00e1genes de los elementos que fueron v\u00edctimas de la\nemboscada, el funcionario cuestion\u00f3 que fueran distribuidas en chats de Whatsapp\ny redes sociales, toda vez que dijo se re victimiza a los oficiales ca\u00eddos y se\nafecta de forma considerable a las familias, por lo que conf\u00eda en que la\nFiscal\u00eda General tome en cuenta este hecho para buscar las sanciones\ncorrespondientes, aunque reconoce que es un tema dif\u00edcil de regular.<\/p>\n\n\n\n<p>Finalmente\nel funcionario explic\u00f3 que los elementos cumpl\u00edan con su labor de dar seguridad\nen la zona, donde se llevan a cabo rondines de forma cotidiana debido a la\npresencia de empresas privadas que trabajan en la construcci\u00f3n de un tramo\ncarretero, adem\u00e1s que desde hace mucho tiempos se presume que en la zona hay\nsiembra de enervantes.<\/p>\n","protected":false},"excerpt":{"rendered":"<p>Redacci\u00f3n\/Zona Roja. San Bartolo Coyotepec, Oax., 9 de noviembre de 2019.- La madre estaba desconsolada.&hellip;<\/p>\n","protected":false},"author":2,"featured_media":5586,"comment_status":"closed","ping_status":"open","sticky":false,"template":"","format":"standard","meta":{"_lmt_disableupdate":"","_lmt_disable":"","_jetpack_memberships_contains_paid_content":false,"footnotes":""},"categories":[109,51],"tags":[981,984,175],"class_list":["post-5584","post","type-post","status-publish","format-standard","has-post-thumbnail","hentry","category-minuto-a-minuto","category-zona-roja","tag-emboscada-policias-san-vicente-coatlan","tag-policia-estatal-de-oaxaca","tag-secretaria-de-seguridad-publica-de-oaxaca"],"jetpack_featured_media_url":"https:\/\/zonaroja.com.mx\/wp-content\/uploads\/2019\/11\/Homenaje-polic\u00edas-estatales-1.jpg","jetpack_sharing_enabled":true,"_links":{"self":[{"href":"https:\/\/zonaroja.com.mx\/index.php?rest_route=\/wp\/v2\/posts\/5584","targetHints":{"allow":["GET"]}}],"collection":[{"href":"https:\/\/zonaroja.com.mx\/index.php?rest_route=\/wp\/v2\/posts"}],"about":[{"href":"https:\/\/zonaroja.com.mx\/index.php?rest_route=\/wp\/v2\/types\/post"}],"author":[{"embeddable":true,"href":"https:\/\/zonaroja.com.mx\/index.php?rest_route=\/wp\/v2\/users\/2"}],"replies":[{"embeddable":true,"href":"https:\/\/zonaroja.com.mx\/index.php?rest_route=%2Fwp%2Fv2%2Fcomments&post=5584"}],"version-history":[{"count":1,"href":"https:\/\/zonaroja.com.mx\/index.php?rest_route=\/wp\/v2\/posts\/5584\/revisions"}],"predecessor-version":[{"id":5587,"href":"https:\/\/zonaroja.com.mx\/index.php?rest_route=\/wp\/v2\/posts\/5584\/revisions\/5587"}],"wp:featuredmedia":[{"embeddable":true,"href":"https:\/\/zonaroja.com.mx\/index.php?rest_route=\/wp\/v2\/media\/5586"}],"wp:attachment":[{"href":"https:\/\/zonaroja.com.mx\/index.php?rest_route=%2Fwp%2Fv2%2Fmedia&parent=5584"}],"wp:term":[{"taxonomy":"category","embeddable":true,"href":"https:\/\/zonaroja.com.mx\/index.php?rest_route=%2Fwp%2Fv2%2Fcategories&post=5584"},{"taxonomy":"post_tag","embeddable":true,"href":"https:\/\/zonaroja.com.mx\/index.php?rest_route=%2Fwp%2Fv2%2Ftags&post=5584"}],"curies":[{"name":"wp","href":"https:\/\/api.w.org\/{rel}","templated":true}]}}