{"id":55844,"date":"2023-05-30T09:01:35","date_gmt":"2023-05-30T14:01:35","guid":{"rendered":"http:\/\/www.zonaroja.com.mx\/?p=55844"},"modified":"2023-05-30T09:01:38","modified_gmt":"2023-05-30T14:01:38","slug":"primeras-lluvias-dejan-dos-personas-fallecidas-en-oaxaca","status":"publish","type":"post","link":"https:\/\/zonaroja.com.mx\/?p=55844","title":{"rendered":"Primeras lluvias dejan dos personas fallecidas en Oaxaca"},"content":{"rendered":"\n<p>Redacci\u00f3n\/Zona Roja.<\/p>\n\n\n\n<p>Oaxaca de Ju\u00e1rez, Oax., a 30 de mayo de 2023.- Las primeras lluvias de la temporada de huracanes y ciclones tropicales dejaron en Oaxaca dos personas fallecidas.<\/p>\n\n\n\n<p>El m\u00e1s reciente caso ocurri\u00f3 anoche, en que alrededor de las 22:00 horas fue descubierto el cuerpo de un hombre, en el municipio de San Jacinto Amilpas, conjurando a la capital oaxaque\u00f1a.<\/p>\n\n\n\n<p>La v\u00edctima fue identificada de manera preliminar como Eusebio M. R., de 85 a\u00f1os de edad, cuyo cuerpo qued\u00f3 a la altura del r\u00edo \u201cChiquito\u201d esquina con calle Granadas, de la Colonia Nuevo M\u00e9xico; hasta el momento se desconoce la forma en que cay\u00f3 al arroyo, se ahog\u00f3 y fue arrastrado por la corriente.<\/p>\n\n\n\n<p>Otro caso sucedi\u00f3 tambi\u00e9n ayer pero en San Pedro Comitancillo, municipio de la regi\u00f3n del Istmo de Tehuantepec.<\/p>\n\n\n\n<p>En un canal de riego fue localizado el cuerpo de una persona del sexo masculino, hasta ahora no identificada, que perdi\u00f3 la vida presuntamente ahogada.&nbsp;<\/p>\n\n\n\n<p>En ambos casos, la Fiscal\u00eda General del Estado de Oaxaca inici\u00f3 las indagatorias correspondientes, para deslindar responsabilidades.<\/p>\n\n\n\n<figure class=\"wp-block-embed is-type-rich is-provider-twitter wp-block-embed-twitter\"><div class=\"wp-block-embed__wrapper\">\n<div class=\"twitter-tweet\"><blockquote class=\"twitter-tweet\" data-lang=\"es\"><p lang=\"es\" dir=\"ltr\"><a href=\"https:\/\/twitter.com\/hashtag\/%C3%9AltimoMinuto?src=hash&amp;ref_src=twsrc%5Etfw\">#\u00daltimoMinuto<\/a><br>Una persona del sexo masculino muri\u00f3 esta noche, arrastrado por la corriente de un arroyo, en la colonia Nuevo M\u00e9xico, San Jacinto Amilpas, municipio de la regi\u00f3n Valles Centrales de Oaxaca. <a href=\"https:\/\/t.co\/xKT6OQmPEs\">pic.twitter.com\/xKT6OQmPEs<\/a><\/p>&mdash; Zona Roja Oaxaca (@ZonaRoja_Oaxaca) <a href=\"https:\/\/twitter.com\/ZonaRoja_Oaxaca\/status\/1663401150383620097?ref_src=twsrc%5Etfw\">30 de mayo de 2023<\/a><\/blockquote><\/div>\n<\/div><\/figure>\n","protected":false},"excerpt":{"rendered":"<p>Redacci\u00f3n\/Zona Roja. Oaxaca de Ju\u00e1rez, Oax., a 30 de mayo de 2023.- Las primeras lluvias&hellip;<\/p>\n","protected":false},"author":2,"featured_media":55845,"comment_status":"closed","ping_status":"open","sticky":false,"template":"","format":"standard","meta":{"_lmt_disableupdate":"","_lmt_disable":"","_jetpack_memberships_contains_paid_content":false,"footnotes":""},"categories":[109,47],"tags":[77],"class_list":["post-55844","post","type-post","status-publish","format-standard","has-post-thumbnail","hentry","category-minuto-a-minuto","category-zona-gris","tag-san-jacinto-amilpas"],"jetpack_featured_media_url":"https:\/\/zonaroja.com.mx\/wp-content\/uploads\/2023\/05\/Ahogado-San-Jacinto-Amilpas.jpg","jetpack_sharing_enabled":true,"_links":{"self":[{"href":"https:\/\/zonaroja.com.mx\/index.php?rest_route=\/wp\/v2\/posts\/55844","targetHints":{"allow":["GET"]}}],"collection":[{"href":"https:\/\/zonaroja.com.mx\/index.php?rest_route=\/wp\/v2\/posts"}],"about":[{"href":"https:\/\/zonaroja.com.mx\/index.php?rest_route=\/wp\/v2\/types\/post"}],"author":[{"embeddable":true,"href":"https:\/\/zonaroja.com.mx\/index.php?rest_route=\/wp\/v2\/users\/2"}],"replies":[{"embeddable":true,"href":"https:\/\/zonaroja.com.mx\/index.php?rest_route=%2Fwp%2Fv2%2Fcomments&post=55844"}],"version-history":[{"count":1,"href":"https:\/\/zonaroja.com.mx\/index.php?rest_route=\/wp\/v2\/posts\/55844\/revisions"}],"predecessor-version":[{"id":55846,"href":"https:\/\/zonaroja.com.mx\/index.php?rest_route=\/wp\/v2\/posts\/55844\/revisions\/55846"}],"wp:featuredmedia":[{"embeddable":true,"href":"https:\/\/zonaroja.com.mx\/index.php?rest_route=\/wp\/v2\/media\/55845"}],"wp:attachment":[{"href":"https:\/\/zonaroja.com.mx\/index.php?rest_route=%2Fwp%2Fv2%2Fmedia&parent=55844"}],"wp:term":[{"taxonomy":"category","embeddable":true,"href":"https:\/\/zonaroja.com.mx\/index.php?rest_route=%2Fwp%2Fv2%2Fcategories&post=55844"},{"taxonomy":"post_tag","embeddable":true,"href":"https:\/\/zonaroja.com.mx\/index.php?rest_route=%2Fwp%2Fv2%2Ftags&post=55844"}],"curies":[{"name":"wp","href":"https:\/\/api.w.org\/{rel}","templated":true}]}}