{"id":55848,"date":"2023-05-30T13:17:24","date_gmt":"2023-05-30T18:17:24","guid":{"rendered":"http:\/\/www.zonaroja.com.mx\/?p=55848"},"modified":"2023-05-30T19:11:54","modified_gmt":"2023-05-31T00:11:54","slug":"reitera-seccion-22-de-snte-que-no-son-aliados-del-gobierno-seguiran-movilizaciones","status":"publish","type":"post","link":"https:\/\/zonaroja.com.mx\/?p=55848","title":{"rendered":"Reitera Secci\u00f3n 22 de SNTE que no son aliados del gobierno; seguir\u00e1n movilizaciones"},"content":{"rendered":"\n<p>Yuridiana Sosa\/Zona Roja.<\/p>\n\n\n\n<p>Oaxaca de Ju\u00e1rez, Oax., a 30 de mayo de 2023.- En medio de un proceso de negociaci\u00f3n a su pliego petitorio, del que han logrado algunos avances, la secretaria General de la Secci\u00f3n 22 del SNTE, Yenny Aracely P\u00e9rez Mart\u00ednez, reiter\u00f3 que \u201cno somos aliados del gobierno\u201d, por lo que confirm\u00f3 que continuar\u00e1n en su t\u00e1ctica de lucha movilizaci\u00f3n- negociaci\u00f3n-movilizaci\u00f3n.<\/p>\n\n\n\n<p>Esto tras acusaciones que el gobernador de Oaxaca, Salom\u00f3n Jara Cruz, realiz\u00f3 sobre la corrupci\u00f3n en la anterior dirigencia sindical, que permiti\u00f3 que el movimiento se vendiera y con ello no realizar movilizaciones, como lo hacen ahora. <\/p>\n\n\n\n<p>\u201cSomos apartidistas, sin fines de lucro, no somos aliados del gobierno, somos un movimiento democr\u00e1tico que defiende los derechos laborales y sindicales de nuestros agremiados. Estamos en claro que este movimiento no tiene diputados locales ni federales\u201d, puntualiz\u00f3 la dirigente en  conferencia de prensa de este martes.<\/p>\n\n\n\n<figure class=\"wp-block-embed is-type-rich is-provider-twitter wp-block-embed-twitter\"><div class=\"wp-block-embed__wrapper\">\n<div class=\"twitter-tweet\"><blockquote class=\"twitter-tweet\" data-lang=\"es\"><p lang=\"es\" dir=\"ltr\">\u201cNo somos aliados del gobierno\u201d, precis\u00f3 la dirigente de la Secci\u00f3n 22 del SNTE, Jenny Aracely P\u00e9rez Mart\u00ednez durante la conferencia de prensa, al solicitar al mandatario <a href=\"https:\/\/twitter.com\/salomonj?ref_src=twsrc%5Etfw\">@salomonj<\/a> pruebas de se\u00f1alamientos contra el anterior Comit\u00e9 Ejecutivo Seccional; desconoci\u00f3 adem\u00e1s a Eloy\u2026 <a href=\"https:\/\/t.co\/71C5GvKU2C\">pic.twitter.com\/71C5GvKU2C<\/a><\/p>&mdash; Zona Roja Oaxaca (@ZonaRoja_Oaxaca) <a href=\"https:\/\/twitter.com\/ZonaRoja_Oaxaca\/status\/1663577921662107648?ref_src=twsrc%5Etfw\">30 de mayo de 2023<\/a><\/blockquote><\/div>\n<\/div><\/figure>\n\n\n\n<p>P\u00e9rez Mart\u00ednez demand\u00f3 a Jara Cruz pruebas de los se\u00f1alamientos realizados contra la Secci\u00f3n 22 del SNTE durante el anterior Comit\u00e9 Ejecutivo Seccional, el cual dijo, recibi\u00f3 del gobierno estatal 20 millones de pesos para la realizaci\u00f3n de la Guelaguetza popular.<\/p>\n\n\n\n<p>Adem\u00e1s, la semana pasada el mandatario asegur\u00f3 en su conferencia que la ex dirigencia tambi\u00e9n recibi\u00f3 y ocult\u00f3 la entrega de 73 millones de pesos que el gobierno realiz\u00f3 por la devoluci\u00f3n del Impuesto Sobre la Renta (ISR).<\/p>\n\n\n\n<p>En ese sentido, al sostener que la dirigencia actual y el movimiento democr\u00e1tica se desmarca de dichos actos, la Secci\u00f3n 22 del SNTE determin\u00f3 desconocer al ex secretario general, Eloy L\u00f3pez Hern\u00e1ndez; al ex secretario de Organizaci\u00f3n, Genaro Mart\u00ednez Morales y al ex secretario de Finanzas, Jos\u00e9 Carlos Alonso.<\/p>\n\n\n\n<figure class=\"wp-block-embed is-type-rich is-provider-twitter wp-block-embed-twitter\"><div class=\"wp-block-embed__wrapper\">\n<div class=\"twitter-tweet\"><blockquote class=\"twitter-tweet\" data-lang=\"es\"><p lang=\"es\" dir=\"ltr\"><a href=\"https:\/\/twitter.com\/hashtag\/ENVIVO?src=hash&amp;ref_src=twsrc%5Etfw\">#ENVIVO<\/a><br>Oaxaca de Ju\u00e1rez, Oax., a 30 de mayo de 2023.- Conferencia de prensa de la Secci\u00f3n 22 del SNTE, respecto a las irregularidades detectadas en el anterior Comit\u00e9 Ejecutivo Seccional, que encabez\u00f3 Eloy L\u00f3pez Hern\u00e1ndez. <br>\ud83d\udc47<a href=\"https:\/\/t.co\/Bu9k6xy7qc\">https:\/\/t.co\/Bu9k6xy7qc<\/a> <a href=\"https:\/\/t.co\/sGZcqDQjUj\">pic.twitter.com\/sGZcqDQjUj<\/a><\/p>&mdash; Zona Roja Oaxaca (@ZonaRoja_Oaxaca) <a href=\"https:\/\/twitter.com\/ZonaRoja_Oaxaca\/status\/1663571865573675008?ref_src=twsrc%5Etfw\">30 de mayo de 2023<\/a><\/blockquote><\/div>\n<\/div><\/figure>\n\n\n\n<p>Para esclarecer de forma interna las condiciones de la gremial, la Asamblea General tambi\u00e9n determin\u00f3 la creaci\u00f3n de una Comisi\u00f3n de Honor y Justicia, la cual se dar\u00e1 a conocer en pr\u00f3ximos d\u00edas.<\/p>\n\n\n\n<p>La dirigente agreg\u00f3 que de los posibles actos realizados por la pasada dirigencia, las bases desconocen toda situaci\u00f3n pues no existi\u00f3 informaci\u00f3n, por ello, actualmente sostienen como principal ente de decisiones las asambleas generales, en las que se definen acciones y se sostiene la t\u00e1ctica movilizaci\u00f3n-negociaci\u00f3n-movilizaci\u00f3n.<\/p>\n","protected":false},"excerpt":{"rendered":"<p>Yuridiana Sosa\/Zona Roja. Oaxaca de Ju\u00e1rez, Oax., a 30 de mayo de 2023.- En medio&hellip;<\/p>\n","protected":false},"author":2,"featured_media":55853,"comment_status":"closed","ping_status":"open","sticky":false,"template":"","format":"standard","meta":{"_lmt_disableupdate":"","_lmt_disable":"","_jetpack_memberships_contains_paid_content":false,"footnotes":""},"categories":[109,47],"tags":[312],"class_list":["post-55848","post","type-post","status-publish","format-standard","has-post-thumbnail","hentry","category-minuto-a-minuto","category-zona-gris","tag-seccion-22-del-snte"],"jetpack_featured_media_url":"https:\/\/zonaroja.com.mx\/wp-content\/uploads\/2023\/05\/Conferencia-de-Prensa-Seccion-22.jpg","jetpack_sharing_enabled":true,"_links":{"self":[{"href":"https:\/\/zonaroja.com.mx\/index.php?rest_route=\/wp\/v2\/posts\/55848","targetHints":{"allow":["GET"]}}],"collection":[{"href":"https:\/\/zonaroja.com.mx\/index.php?rest_route=\/wp\/v2\/posts"}],"about":[{"href":"https:\/\/zonaroja.com.mx\/index.php?rest_route=\/wp\/v2\/types\/post"}],"author":[{"embeddable":true,"href":"https:\/\/zonaroja.com.mx\/index.php?rest_route=\/wp\/v2\/users\/2"}],"replies":[{"embeddable":true,"href":"https:\/\/zonaroja.com.mx\/index.php?rest_route=%2Fwp%2Fv2%2Fcomments&post=55848"}],"version-history":[{"count":2,"href":"https:\/\/zonaroja.com.mx\/index.php?rest_route=\/wp\/v2\/posts\/55848\/revisions"}],"predecessor-version":[{"id":55858,"href":"https:\/\/zonaroja.com.mx\/index.php?rest_route=\/wp\/v2\/posts\/55848\/revisions\/55858"}],"wp:featuredmedia":[{"embeddable":true,"href":"https:\/\/zonaroja.com.mx\/index.php?rest_route=\/wp\/v2\/media\/55853"}],"wp:attachment":[{"href":"https:\/\/zonaroja.com.mx\/index.php?rest_route=%2Fwp%2Fv2%2Fmedia&parent=55848"}],"wp:term":[{"taxonomy":"category","embeddable":true,"href":"https:\/\/zonaroja.com.mx\/index.php?rest_route=%2Fwp%2Fv2%2Fcategories&post=55848"},{"taxonomy":"post_tag","embeddable":true,"href":"https:\/\/zonaroja.com.mx\/index.php?rest_route=%2Fwp%2Fv2%2Ftags&post=55848"}],"curies":[{"name":"wp","href":"https:\/\/api.w.org\/{rel}","templated":true}]}}