{"id":55851,"date":"2023-05-30T16:41:03","date_gmt":"2023-05-30T21:41:03","guid":{"rendered":"http:\/\/www.zonaroja.com.mx\/?p=55851"},"modified":"2023-05-30T19:08:38","modified_gmt":"2023-05-31T00:08:38","slug":"el-cimo-entre-corrupcion-y-negligencia-oficial-herencia-de-netzahualcoyotl-salvatierra","status":"publish","type":"post","link":"https:\/\/zonaroja.com.mx\/?p=55851","title":{"rendered":"El CIMO, entre corrupci\u00f3n y negligencia oficial\u2026 herencia de Netzahualc\u00f3yotl Salvatierra"},"content":{"rendered":"\n<p>Yuridiana Sosa\/Zona Roja.<\/p>\n\n\n\n<p>Oaxaca de Ju\u00e1rez, Oax., a 30 de mayo de 2023.- A m\u00e1s de seis a\u00f1os de su primera inauguraci\u00f3n y tres de una segunda apertura, el Centro de Iniciaci\u00f3n Musical de Oaxaca (CIMO) a\u00fan se mantiene como uno de los espacios educativos con mayores deficiencias, alcanzado en el gobierno actual condiciones indignantes para docentes y alumnos, denunciaron padres y m\u00fasicos.<\/p>\n\n\n\n<p>Este proyecto, vendido con la promesa de ser un espacio digno, funcional y de impulso para la formaci\u00f3n musical de ni\u00f1os y j\u00f3venes talentos, adem\u00e1s de la profesionalizaci\u00f3n de ejecutantes, directores y compositores, se empa\u00f1\u00f3 por las diversas irregularidades de la obra.<\/p>\n\n\n\n<p>Su construcci\u00f3n comenz\u00f3 en febrero de 2014 en el gobierno de Gabino Cu\u00e9 Monteagudo, periodo en el que estaba al frente de la Secretar\u00eda de las Infraestructuras y el Ordenamiento Territorial, Netzahualc\u00f3yotl Salvatierra, quien repite en el cargo en la administraci\u00f3n de Salom\u00f3n Jara Cruz, que tambi\u00e9n fue parte de ese gobierno.<\/p>\n\n\n\n<p>La obra se proyect\u00f3 por 86 millones de pesos, pero super\u00f3 los 118 millones de pesos, aun as\u00ed, no se concluy\u00f3; pese a ello Cu\u00e9 Monteagudo inaugur\u00f3 el CIMO en noviembre de 2016, d\u00edas previos al t\u00e9rmino de su sexenio.<\/p>\n\n\n\n<p>SEGUNDA ETAPA<\/p>\n\n\n\n<p>La ejecuci\u00f3n de la obra, una de las supuestas prioridades de ese gobierno, fue se\u00f1alada por la administraci\u00f3n entrante de contar con diversos vicios, pero, ya no exist\u00eda dinero ni fianza que lograra subsanar los da\u00f1os y pendientes.<\/p>\n\n\n\n<p>Por la obra del CIMO, el gobierno de Alejandro Murat interpuso una denuncia ante la Fiscal\u00eda Especializada de Combate a la Corrupci\u00f3n contra el&nbsp;ex secretario Sinfra, Netzahualc\u00f3yotl Salvatierra L\u00f3pez, y otros funcionarios, por las irregularidades encontradas en la construcci\u00f3n.<\/p>\n\n\n\n<p>Sin embargo, pese a la primera inauguraci\u00f3n el Centro de Iniciaci\u00f3n Musical sigui\u00f3 sin funcionar y fue hasta febrero de 2019 que Murat Hinojosa lo volvi\u00f3 a inaugurar para dar inicio a los servicios del espacio ubicado en la avenida Crespo en la capital del estado.<\/p>\n\n\n\n<p>El gobierno anunci\u00f3 que invirti\u00f3 7.1 millones de pesos para la rehabilitaci\u00f3n del inmueble, que incluy\u00f3 el reforzamiento de muros, dictamen estructural, proyecto de refuerzo, impermeabilizaci\u00f3n general del edificio, se rehabilitaron los elevadores, el sistema el\u00e9ctrico se adecu\u00f3 y se efectuaron tareas de limpieza y pintura.<\/p>\n\n\n\n<p>CONDICIONES INDIGNAS<\/p>\n\n\n\n<p>El CIMO se encuentra todav\u00eda entre las obras a vigilar por parte del gobierno de Salom\u00f3n Jara, de acuerdo a propias autoridades, sin embargo, las condiciones en las que reciben clases los alumnos y en las que imparten las propias los docentes han sido ignoradas.<\/p>\n\n\n\n<p>Ante el abandono institucional, personal docente y padres de familia del CIMO demandaron recientemente al gobernador del estado una mesa de di\u00e1logo para exponer la grave situaci\u00f3n de esta escuela.<\/p>\n\n\n\n<p>Entre las principales denuncias de los afectados fue el sueldo indigno que reciben los docentes, de s\u00f3lo 53.40 pesos por hora, por lo que exigen un aumento de por lo menos 106.80 pesos por hora.<\/p>\n\n\n\n<p>Tambi\u00e9n exigieron el cese de actos de amenazas y hostigamiento que ahora reciben los profesores, esto con el fin de prohibirles ser ejecutantes de alguna de las agrupaciones m\u00e1s representativas del estado como lo son la Orquesta Sinf\u00f3nica de Oaxaca, Orquesta  Primavera de Oaxaca y la Banda Musical del Estado de Oaxaca.<\/p>\n\n\n\n<p>Mientras que por deficiencias b\u00e1sicas, como falta de agua e insumos, se han suspendido de forma recurrente las clases. <\/p>\n\n\n\n<p>Los padres y docentes agregaron que en la mesa de di\u00e1logo con el mandatario tambi\u00e9n se incluya informaci\u00f3n sobre la certeza de la entidad jur\u00eddica, administrativa y financiera de ese espacio.<\/p>\n","protected":false},"excerpt":{"rendered":"<p>Yuridiana Sosa\/Zona Roja. Oaxaca de Ju\u00e1rez, Oax., a 30 de mayo de 2023.- A m\u00e1s&hellip;<\/p>\n","protected":false},"author":2,"featured_media":55854,"comment_status":"closed","ping_status":"open","sticky":false,"template":"","format":"standard","meta":{"_lmt_disableupdate":"","_lmt_disable":"","_jetpack_memberships_contains_paid_content":false,"footnotes":""},"categories":[109,47],"tags":[3562,3398],"class_list":["post-55851","post","type-post","status-publish","format-standard","has-post-thumbnail","hentry","category-minuto-a-minuto","category-zona-gris","tag-centro-de-iniciacion-musical-cimo","tag-netzahualcoyotl-salvatierra-lopez"],"jetpack_featured_media_url":"https:\/\/zonaroja.com.mx\/wp-content\/uploads\/2023\/05\/CIMO-Centro-de-Iniciacion-Musical.jpg","jetpack_sharing_enabled":true,"_links":{"self":[{"href":"https:\/\/zonaroja.com.mx\/index.php?rest_route=\/wp\/v2\/posts\/55851","targetHints":{"allow":["GET"]}}],"collection":[{"href":"https:\/\/zonaroja.com.mx\/index.php?rest_route=\/wp\/v2\/posts"}],"about":[{"href":"https:\/\/zonaroja.com.mx\/index.php?rest_route=\/wp\/v2\/types\/post"}],"author":[{"embeddable":true,"href":"https:\/\/zonaroja.com.mx\/index.php?rest_route=\/wp\/v2\/users\/2"}],"replies":[{"embeddable":true,"href":"https:\/\/zonaroja.com.mx\/index.php?rest_route=%2Fwp%2Fv2%2Fcomments&post=55851"}],"version-history":[{"count":1,"href":"https:\/\/zonaroja.com.mx\/index.php?rest_route=\/wp\/v2\/posts\/55851\/revisions"}],"predecessor-version":[{"id":55852,"href":"https:\/\/zonaroja.com.mx\/index.php?rest_route=\/wp\/v2\/posts\/55851\/revisions\/55852"}],"wp:featuredmedia":[{"embeddable":true,"href":"https:\/\/zonaroja.com.mx\/index.php?rest_route=\/wp\/v2\/media\/55854"}],"wp:attachment":[{"href":"https:\/\/zonaroja.com.mx\/index.php?rest_route=%2Fwp%2Fv2%2Fmedia&parent=55851"}],"wp:term":[{"taxonomy":"category","embeddable":true,"href":"https:\/\/zonaroja.com.mx\/index.php?rest_route=%2Fwp%2Fv2%2Fcategories&post=55851"},{"taxonomy":"post_tag","embeddable":true,"href":"https:\/\/zonaroja.com.mx\/index.php?rest_route=%2Fwp%2Fv2%2Ftags&post=55851"}],"curies":[{"name":"wp","href":"https:\/\/api.w.org\/{rel}","templated":true}]}}