{"id":55856,"date":"2023-05-30T19:03:48","date_gmt":"2023-05-31T00:03:48","guid":{"rendered":"http:\/\/www.zonaroja.com.mx\/?p=55856"},"modified":"2023-05-30T19:03:49","modified_gmt":"2023-05-31T00:03:49","slug":"ejecutan-a-dos-personas-en-oaxaca-un-director-de-escuela-y-otro-ex-regidor","status":"publish","type":"post","link":"https:\/\/zonaroja.com.mx\/?p=55856","title":{"rendered":"Ejecutan a dos personas en Oaxaca: un director de escuela y otro ex regidor"},"content":{"rendered":"\n<p>Ismael Garc\u00eda M.\/Zona Roja.<\/p>\n\n\n\n<p>Oaxaca de Ju\u00e1rez, Oax., a 30 de mayo de 2023.- Dos personas fueron asesinadas a balazos en las \u00faltimas horas en San Pedro Tapanatepec, municipio de la regi\u00f3n del Istmo de Tehuantepec.<\/p>\n\n\n\n<p>Esta tarde fue ejecutado a balazos el director del plantel 09 del Colegio de Bachilleres de Oaxaca (Cobao) en Tapanatepec, Ricardo E. M., de 50 a\u00f1os de edad, quien recibi\u00f3 varios impactos de arma de fuego en la calle Paulino B. Carrasco del barrio Cantarranas.<\/p>\n\n\n\n<p>El crimen se perpetr\u00f3 poco despu\u00e9s de las 16:00 horas y no hab\u00eda ning\u00fan polic\u00eda en la zona, por lo cual el o los agresores pudieron huir de la zona.<\/p>\n\n\n\n<p>Este martes tambi\u00e9n falleci\u00f3 el se\u00f1or Jorge I. E., de 48 a\u00f1os de edad, quien fuera regidor del ayuntamiento, tras ser atacado ayer a balazos, a un costado de la carretera Panamericana.<\/p>\n\n\n\n<p>El hombre recibi\u00f3 al menos tres impactos de bala en la cabeza, por lo que sus familiares lo trasladaron al hospital comunitario de Tapanatepec, pero debido a su grave estado de salud, lo llevaron al hospital de especialidades de Salina Cruz, donde hoy perdi\u00f3 la vida.<\/p>\n\n\n\n<p>Pobladores de Tapanatepec denunciaron incremento de hechos violentos, entre ellos asesinatos, pese a la presencia de polic\u00edas estatales y de la Guardia Nacional, que atienden la problem\u00e1tica migratoria.<\/p>\n\n\n\n<p>El fallecido era dirigente de un sitio de mototaxis y hace cuatro a\u00f1os asesinaron a su hijo Jorge I. A., quien se desempe\u00f1\u00f3 como polic\u00eda federal.<\/p>\n","protected":false},"excerpt":{"rendered":"<p>Ismael Garc\u00eda M.\/Zona Roja. Oaxaca de Ju\u00e1rez, Oax., a 30 de mayo de 2023.- Dos&hellip;<\/p>\n","protected":false},"author":2,"featured_media":55855,"comment_status":"closed","ping_status":"open","sticky":false,"template":"","format":"standard","meta":{"_lmt_disableupdate":"","_lmt_disable":"","_jetpack_memberships_contains_paid_content":false,"footnotes":""},"categories":[109,51],"tags":[206],"class_list":["post-55856","post","type-post","status-publish","format-standard","has-post-thumbnail","hentry","category-minuto-a-minuto","category-zona-roja","tag-san-pedro-tapanatepec"],"jetpack_featured_media_url":"https:\/\/zonaroja.com.mx\/wp-content\/uploads\/2023\/05\/ASesinado-San-Pedro-Tapanatepec.jpg","jetpack_sharing_enabled":true,"_links":{"self":[{"href":"https:\/\/zonaroja.com.mx\/index.php?rest_route=\/wp\/v2\/posts\/55856","targetHints":{"allow":["GET"]}}],"collection":[{"href":"https:\/\/zonaroja.com.mx\/index.php?rest_route=\/wp\/v2\/posts"}],"about":[{"href":"https:\/\/zonaroja.com.mx\/index.php?rest_route=\/wp\/v2\/types\/post"}],"author":[{"embeddable":true,"href":"https:\/\/zonaroja.com.mx\/index.php?rest_route=\/wp\/v2\/users\/2"}],"replies":[{"embeddable":true,"href":"https:\/\/zonaroja.com.mx\/index.php?rest_route=%2Fwp%2Fv2%2Fcomments&post=55856"}],"version-history":[{"count":1,"href":"https:\/\/zonaroja.com.mx\/index.php?rest_route=\/wp\/v2\/posts\/55856\/revisions"}],"predecessor-version":[{"id":55857,"href":"https:\/\/zonaroja.com.mx\/index.php?rest_route=\/wp\/v2\/posts\/55856\/revisions\/55857"}],"wp:featuredmedia":[{"embeddable":true,"href":"https:\/\/zonaroja.com.mx\/index.php?rest_route=\/wp\/v2\/media\/55855"}],"wp:attachment":[{"href":"https:\/\/zonaroja.com.mx\/index.php?rest_route=%2Fwp%2Fv2%2Fmedia&parent=55856"}],"wp:term":[{"taxonomy":"category","embeddable":true,"href":"https:\/\/zonaroja.com.mx\/index.php?rest_route=%2Fwp%2Fv2%2Fcategories&post=55856"},{"taxonomy":"post_tag","embeddable":true,"href":"https:\/\/zonaroja.com.mx\/index.php?rest_route=%2Fwp%2Fv2%2Ftags&post=55856"}],"curies":[{"name":"wp","href":"https:\/\/api.w.org\/{rel}","templated":true}]}}