{"id":55865,"date":"2023-05-30T21:43:54","date_gmt":"2023-05-31T02:43:54","guid":{"rendered":"http:\/\/www.zonaroja.com.mx\/?p=55865"},"modified":"2023-05-30T21:43:56","modified_gmt":"2023-05-31T02:43:56","slug":"segundo-dia-se-bloqueos-en-oaxaca-y-ahora-hasta-en-supercarretera","status":"publish","type":"post","link":"https:\/\/zonaroja.com.mx\/?p=55865","title":{"rendered":"Segundo d\u00eda se bloqueos en Oaxaca y ahora hasta en supercarretera"},"content":{"rendered":"\n<p>Yuridiana Sosa\/Zona Roja.<\/p>\n\n\n\n<p>Oaxaca de Ju\u00e1rez, Oax., a 30 de mayo de 2023.- De manera consecutiva, este martes la entidad oaxaque\u00f1a volvi\u00f3 a sufrir de la falta de pol\u00edtica interna, al ser reh\u00e9n de diversas movilizaciones en varios puntos de la entidad, afectando hasta obras de \u00edndole federal como la supercarretera a la Costa.<\/p>\n\n\n\n<p>El incumplimiento de acuerdos de parte del Gobierno del Estado provoc\u00f3 la manifestaci\u00f3n de habitantes de San Sebasti\u00e1n Coatl\u00e1n, quienes bloquearon la vialidad y los trabajos de la supercarretera Oaxaca-Costa en el tramo Barranca Larga-Ventanilla, a la altura del paraje \u201cEl Limar\u201d.<\/p>\n\n\n\n<p>Esta situaci\u00f3n complica la meta del presidente Andr\u00e9s Manuel L\u00f3pez Obrador de inaugurar esta obra entre los pr\u00f3ximos meses de julio y agosto, pues para culminarla \u201cfalta poco\u201d, anunci\u00f3 el mandatario en su pasada visita a Oaxaca en el mes de marzo.<\/p>\n\n\n\n<p>M\u00c1S PROTESTAS<\/p>\n\n\n\n<p>Las protestas y bloqueos estallaron este martes en el interior del estado, causando afectaciones a poblaciones de las regiones de la Sierra Sur y Cuenca del Papaloapan.<\/p>\n\n\n\n<figure class=\"wp-block-embed is-type-rich is-provider-twitter wp-block-embed-twitter\"><div class=\"wp-block-embed__wrapper\">\n<div class=\"twitter-tweet\"><blockquote class=\"twitter-tweet\" data-lang=\"es\"><p lang=\"es\" dir=\"ltr\">\u00a1Otro d\u00eda de bloqueos!<br>Hasta los trabajos de la supercarretera a la Costa de Oaxaca est\u00e1n suspendidos, por protesta de San Sebasti\u00e1n Coatl\u00e1n.<br>Tambi\u00e9n, hay protestes y cierre de vialidades en inmediaciones de Miahuatl\u00e1n, en Loma Bonita, Valle Nacional y San Juan Bautista Tuxtepec. <a href=\"https:\/\/t.co\/ODQvWE4q0Y\">pic.twitter.com\/ODQvWE4q0Y<\/a><\/p>&mdash; Zona Roja Oaxaca (@ZonaRoja_Oaxaca) <a href=\"https:\/\/twitter.com\/ZonaRoja_Oaxaca\/status\/1663654218849288194?ref_src=twsrc%5Etfw\">30 de mayo de 2023<\/a><\/blockquote><\/div>\n<\/div><\/figure>\n\n\n\n<p>Integrantes del Comit\u00e9 de Defensa de los Pueblos Ind\u00edgenas (Codedi), cerraron el paso en la ruta 175, kil\u00f3metro 108, en el paraje \u201cCerrito de Tamazul\u00e1pam\u201d, en exigencia de justicia y programas sociales a favor de diversas poblaciones del distrito de Miahuatl\u00e1n de Porfirio D\u00edaz.<\/p>\n\n\n\n<p>Mientras que la organizaci\u00f3n Comit\u00e9 de Defensa Ciudadana (Codeci) se moviliz\u00f3 en la Cuenca del Papaloapan con bloqueos en Loma Bonita, Jacatapec y San Juan Bautista Tuxtepec, afectando vialidades locales y federales, para exigir al gobierno de Oaxaca respuesta a su pliego de demandas, entre ellas justicia por el asesinato de su ex l\u00edder Catarino Torres Pereda.<\/p>\n\n\n\n<p>As\u00ed tambi\u00e9n, en Tuxtepec, cientos de taxistas se movilizaron con unas 500 unidades, as\u00ed como un grupo del gremio de urbaneros, contra la Secretar\u00eda de Movilidad para exigir la prohibici\u00f3n del servicio de mototaxis para comunidades y colonias.<\/p>\n\n\n\n<p>Las unidades pararon labores y se concentraron en el bulevar Benito Ju\u00e1rez y alrededor del Parque \u201cJu\u00e1rez\u201d por un lapso de dos horas sin causar bloqueos.<\/p>\n","protected":false},"excerpt":{"rendered":"<p>Yuridiana Sosa\/Zona Roja. Oaxaca de Ju\u00e1rez, Oax., a 30 de mayo de 2023.- De manera&hellip;<\/p>\n","protected":false},"author":2,"featured_media":55866,"comment_status":"closed","ping_status":"open","sticky":false,"template":"","format":"standard","meta":{"_lmt_disableupdate":"","_lmt_disable":"","_jetpack_memberships_contains_paid_content":false,"footnotes":""},"categories":[109,47],"tags":[2264],"class_list":["post-55865","post","type-post","status-publish","format-standard","has-post-thumbnail","hentry","category-minuto-a-minuto","category-zona-gris","tag-bloqueos-y-protestas-oaxaca"],"jetpack_featured_media_url":"https:\/\/zonaroja.com.mx\/wp-content\/uploads\/2023\/05\/Bloqueo-supercarretera-a-la-Costa-Oaxaca.jpeg","jetpack_sharing_enabled":true,"_links":{"self":[{"href":"https:\/\/zonaroja.com.mx\/index.php?rest_route=\/wp\/v2\/posts\/55865","targetHints":{"allow":["GET"]}}],"collection":[{"href":"https:\/\/zonaroja.com.mx\/index.php?rest_route=\/wp\/v2\/posts"}],"about":[{"href":"https:\/\/zonaroja.com.mx\/index.php?rest_route=\/wp\/v2\/types\/post"}],"author":[{"embeddable":true,"href":"https:\/\/zonaroja.com.mx\/index.php?rest_route=\/wp\/v2\/users\/2"}],"replies":[{"embeddable":true,"href":"https:\/\/zonaroja.com.mx\/index.php?rest_route=%2Fwp%2Fv2%2Fcomments&post=55865"}],"version-history":[{"count":1,"href":"https:\/\/zonaroja.com.mx\/index.php?rest_route=\/wp\/v2\/posts\/55865\/revisions"}],"predecessor-version":[{"id":55867,"href":"https:\/\/zonaroja.com.mx\/index.php?rest_route=\/wp\/v2\/posts\/55865\/revisions\/55867"}],"wp:featuredmedia":[{"embeddable":true,"href":"https:\/\/zonaroja.com.mx\/index.php?rest_route=\/wp\/v2\/media\/55866"}],"wp:attachment":[{"href":"https:\/\/zonaroja.com.mx\/index.php?rest_route=%2Fwp%2Fv2%2Fmedia&parent=55865"}],"wp:term":[{"taxonomy":"category","embeddable":true,"href":"https:\/\/zonaroja.com.mx\/index.php?rest_route=%2Fwp%2Fv2%2Fcategories&post=55865"},{"taxonomy":"post_tag","embeddable":true,"href":"https:\/\/zonaroja.com.mx\/index.php?rest_route=%2Fwp%2Fv2%2Ftags&post=55865"}],"curies":[{"name":"wp","href":"https:\/\/api.w.org\/{rel}","templated":true}]}}