{"id":55870,"date":"2023-05-31T11:31:00","date_gmt":"2023-05-31T16:31:00","guid":{"rendered":"http:\/\/www.zonaroja.com.mx\/?p=55870"},"modified":"2023-05-31T07:35:26","modified_gmt":"2023-05-31T12:35:26","slug":"sanciona-tribunal-a-gobernadora-por-morena-debera-disculparse-con-priistas","status":"publish","type":"post","link":"https:\/\/zonaroja.com.mx\/?p=55870","title":{"rendered":"Sanciona Tribunal a gobernadora por Morena; deber\u00e1 disculparse con priistas"},"content":{"rendered":"\n<p>Redacci\u00f3n\/Zona Roja Cdmx.<\/p>\n\n\n\n<p>Ciudad de M\u00e9xico, a 31 de mayo de 2023.- La Sala Especializada del Tribunal Electoral del Poder Judicial de la Federaci\u00f3n (TEPJF) aprob\u00f3 la inscripci\u00f3n de Layda Sansores, gobernadora de Campeche, al Registro Nacional de Personas Sancionadas, por las manifestaciones que hiciera contra diputadas del Partido Revolucionario Institucional (PRI) en julio de 2022.<\/p>\n\n\n\n<p>El proyecto sostiene que la mandataria local y otros funcionarios incurrieron en violencia verbal, digital, psicol\u00f3gica, simb\u00f3lica y sexual en contra de las legisladoras del &#8216;tricolor&#8217;.<\/p>\n\n\n\n<p>La sentencia de la Sala Especializada tambi\u00e9n dicta una de las medias de reparaci\u00f3n a las legisladoras priistas: la mandataria local deber\u00e1 ofrecer una disculpa p\u00fablica en sus redes sociales.<\/p>\n\n\n\n<p>A decir de la magistrada presidente, Gabriela Villafuerte, Sansores y medios de comunicaci\u00f3n que replicaron ese mensaje difundieron pr\u00e1cticas patriarcales, \u00abNo hay compresi\u00f3n de lo que es sororidad\u201d, expres\u00f3.<\/p>\n\n\n\n<p>Fue en el \u201cMartes del Jaguar\u201d del pasado 5 de julio, cuando Layda Sansores indic\u00f3 que el dirigente nacional del PRI, \u201cAlito\u201d Moreno, ten\u00eda material fotogr\u00e1fico \u00edntimo de Paloma Sanchez Ramos y m\u00e1s diputadas.<\/p>\n\n\n\n<p>La sentencia tambi\u00e9n incluye a cuatro medios de comunicaci\u00f3n y m\u00e1s de una veintena de administradores escritores, periodistas de sitios de internet por replicar el mensaje.<\/p>\n\n\n\n<p>(Informaci\u00f3n de Radio F\u00f3rmula)<\/p>\n","protected":false},"excerpt":{"rendered":"<p>Redacci\u00f3n\/Zona Roja Cdmx. Ciudad de M\u00e9xico, a 31 de mayo de 2023.- La Sala Especializada&hellip;<\/p>\n","protected":false},"author":2,"featured_media":43187,"comment_status":"closed","ping_status":"open","sticky":false,"template":"","format":"standard","meta":{"_lmt_disableupdate":"","_lmt_disable":"","_jetpack_memberships_contains_paid_content":false,"footnotes":""},"categories":[109,47],"tags":[3430],"class_list":["post-55870","post","type-post","status-publish","format-standard","has-post-thumbnail","hentry","category-minuto-a-minuto","category-zona-gris","tag-layda-sansores-campeche"],"jetpack_featured_media_url":"https:\/\/zonaroja.com.mx\/wp-content\/uploads\/2022\/07\/Alejandro-Moreno-y-Layda-Sansores.jpeg","jetpack_sharing_enabled":true,"_links":{"self":[{"href":"https:\/\/zonaroja.com.mx\/index.php?rest_route=\/wp\/v2\/posts\/55870","targetHints":{"allow":["GET"]}}],"collection":[{"href":"https:\/\/zonaroja.com.mx\/index.php?rest_route=\/wp\/v2\/posts"}],"about":[{"href":"https:\/\/zonaroja.com.mx\/index.php?rest_route=\/wp\/v2\/types\/post"}],"author":[{"embeddable":true,"href":"https:\/\/zonaroja.com.mx\/index.php?rest_route=\/wp\/v2\/users\/2"}],"replies":[{"embeddable":true,"href":"https:\/\/zonaroja.com.mx\/index.php?rest_route=%2Fwp%2Fv2%2Fcomments&post=55870"}],"version-history":[{"count":1,"href":"https:\/\/zonaroja.com.mx\/index.php?rest_route=\/wp\/v2\/posts\/55870\/revisions"}],"predecessor-version":[{"id":55871,"href":"https:\/\/zonaroja.com.mx\/index.php?rest_route=\/wp\/v2\/posts\/55870\/revisions\/55871"}],"wp:featuredmedia":[{"embeddable":true,"href":"https:\/\/zonaroja.com.mx\/index.php?rest_route=\/wp\/v2\/media\/43187"}],"wp:attachment":[{"href":"https:\/\/zonaroja.com.mx\/index.php?rest_route=%2Fwp%2Fv2%2Fmedia&parent=55870"}],"wp:term":[{"taxonomy":"category","embeddable":true,"href":"https:\/\/zonaroja.com.mx\/index.php?rest_route=%2Fwp%2Fv2%2Fcategories&post=55870"},{"taxonomy":"post_tag","embeddable":true,"href":"https:\/\/zonaroja.com.mx\/index.php?rest_route=%2Fwp%2Fv2%2Ftags&post=55870"}],"curies":[{"name":"wp","href":"https:\/\/api.w.org\/{rel}","templated":true}]}}