{"id":55872,"date":"2023-05-31T10:35:00","date_gmt":"2023-05-31T15:35:00","guid":{"rendered":"http:\/\/www.zonaroja.com.mx\/?p=55872"},"modified":"2023-05-31T07:58:58","modified_gmt":"2023-05-31T12:58:58","slug":"proselitismo-morenista-ine-frena-a-corcholatas-y-el-tepjf-a-lopez-obrador","status":"publish","type":"post","link":"https:\/\/zonaroja.com.mx\/?p=55872","title":{"rendered":"Proselitismo morenista: INE frena a \u201ccorcholatas\u201d y el TEPJF a L\u00f3pez Obrador"},"content":{"rendered":"\n<p>Redacci\u00f3n\/Zona Roja.<\/p>\n\n\n\n<p>Ciudad de M\u00e9xico, a 31 de mayo de 2023.- Por fin, las instituciones federales electorales determinaron exhortar a militantes del Partido Morena, as\u00ed como a funcionarios y al Presidente de M\u00e9xico, a frenar el proselitismo pol\u00edtico.<\/p>\n\n\n\n<p>Ayer, la Comisi\u00f3n de Quejas y Denuncias del Instituto Nacional Electoral (INE) conmin\u00f3 a los aspirantes a la Presidencia de la Rep\u00fablica a que se abstengan de la realizaci\u00f3n de eventos con miras a posicionarlos al proceso electoral del siguiente a\u00f1o.<\/p>\n\n\n\n<p>La resoluci\u00f3n, que tambi\u00e9n es para simpatizantes y militantes morenistas, establece el no promover elementos de propaganda tales como lonas, mantas, publicidad contratada, calcas para veh\u00edculos, micro perforados, espectaculares y bardas.<\/p>\n\n\n\n<p>Aunque el proyecto pretend\u00eda que en un lapso Morena -con sus propios recursos- quitara espectaculares y bardas, \u00e9ste planteamiento fue rechazado por dos votos a uno de los integrantes de la Comisi\u00f3n.<\/p>\n\n\n\n<p>La resoluci\u00f3n fue aprobada en lo general por unanimidad, y derivada de la queja diversos actores pol\u00edticos contra la jefa de Gobierno de la Ciudad de M\u00e9xico, Claudia Sheinbaum, el secretario de Gobernaci\u00f3n, Ad\u00e1n Augusto L\u00f3pez y el canciller Marcelo Ebrard.<\/p>\n\n\n\n<p>La Comisi\u00f3n presidida por la consejera electoral Claudia Zavala dio cuenta que son m\u00e1s de 200 quejas en contra de funcionarios por actos anticipados de campa\u00f1a.<\/p>\n\n\n\n<p>TAMBI\u00c9N A AMLO<\/p>\n\n\n\n<p>Por otra parte, la Sala Superior del Tribunal Electoral del Poder Judicial de la Federaci\u00f3n (TEPJF) solicit\u00f3 al presidente Andr\u00e9s Manuel L\u00f3pez Obrador (AMLO) abstenerse de hablar sobre temas electorales.<\/p>\n\n\n\n<p>Adem\u00e1s solicit\u00f3 bajar la conferencia matutina del pasado 15 de Mayo donde el mandatario habl\u00f3 sobre los posibles aspirantes opositores a la presidencia en el proceso de 2024.<br>Fue Acci\u00f3n Nacional el que solicit\u00f3 a la Comisi\u00f3n de Quejas y Denuncias del INE medidas cautelares ante los dichos de presidente, sin embargo, le fueron negadas.<\/p>\n\n\n\n<p>El proyecto del magistrado presidente del Tribunal Electoral del Poder Judicial de la Federaci\u00f3n (TEPJF) sosten\u00eda que L\u00f3pez Obrador s\u00ed est\u00e1n vinculados con llamados y no al voto a grupos pol\u00edticos en espec\u00edfico y, al hacerlo, puede influir en los procesos electorales actuales.<\/p>\n\n\n\n<p>La tutela preventiva aprobada fue al considerar una conducta reiterada por parte del Ejecutivo federal y, por consiguiente, \u201cresulta necesario vincularlo para que se abstenga de emitir expresiones y declaraciones de \u00edndole electoral\u201d.<\/p>\n\n\n\n<p>(Informaci\u00f3n de Radio F\u00f3rmula)<\/p>\n","protected":false},"excerpt":{"rendered":"<p>Redacci\u00f3n\/Zona Roja. Ciudad de M\u00e9xico, a 31 de mayo de 2023.- Por fin, las instituciones&hellip;<\/p>\n","protected":false},"author":2,"featured_media":55873,"comment_status":"closed","ping_status":"open","sticky":false,"template":"","format":"standard","meta":{"_lmt_disableupdate":"","_lmt_disable":"","_jetpack_memberships_contains_paid_content":false,"footnotes":""},"categories":[109,47],"tags":[143],"class_list":["post-55872","post","type-post","status-publish","format-standard","has-post-thumbnail","hentry","category-minuto-a-minuto","category-zona-gris","tag-andres-manuel-lopez-obrador"],"jetpack_featured_media_url":"https:\/\/zonaroja.com.mx\/wp-content\/uploads\/2023\/05\/AMLO-Lopez-Obrador-y-corcholatas.webp","jetpack_sharing_enabled":true,"_links":{"self":[{"href":"https:\/\/zonaroja.com.mx\/index.php?rest_route=\/wp\/v2\/posts\/55872","targetHints":{"allow":["GET"]}}],"collection":[{"href":"https:\/\/zonaroja.com.mx\/index.php?rest_route=\/wp\/v2\/posts"}],"about":[{"href":"https:\/\/zonaroja.com.mx\/index.php?rest_route=\/wp\/v2\/types\/post"}],"author":[{"embeddable":true,"href":"https:\/\/zonaroja.com.mx\/index.php?rest_route=\/wp\/v2\/users\/2"}],"replies":[{"embeddable":true,"href":"https:\/\/zonaroja.com.mx\/index.php?rest_route=%2Fwp%2Fv2%2Fcomments&post=55872"}],"version-history":[{"count":1,"href":"https:\/\/zonaroja.com.mx\/index.php?rest_route=\/wp\/v2\/posts\/55872\/revisions"}],"predecessor-version":[{"id":55874,"href":"https:\/\/zonaroja.com.mx\/index.php?rest_route=\/wp\/v2\/posts\/55872\/revisions\/55874"}],"wp:featuredmedia":[{"embeddable":true,"href":"https:\/\/zonaroja.com.mx\/index.php?rest_route=\/wp\/v2\/media\/55873"}],"wp:attachment":[{"href":"https:\/\/zonaroja.com.mx\/index.php?rest_route=%2Fwp%2Fv2%2Fmedia&parent=55872"}],"wp:term":[{"taxonomy":"category","embeddable":true,"href":"https:\/\/zonaroja.com.mx\/index.php?rest_route=%2Fwp%2Fv2%2Fcategories&post=55872"},{"taxonomy":"post_tag","embeddable":true,"href":"https:\/\/zonaroja.com.mx\/index.php?rest_route=%2Fwp%2Fv2%2Ftags&post=55872"}],"curies":[{"name":"wp","href":"https:\/\/api.w.org\/{rel}","templated":true}]}}