{"id":55875,"date":"2023-05-31T13:59:00","date_gmt":"2023-05-31T18:59:00","guid":{"rendered":"http:\/\/www.zonaroja.com.mx\/?p=55875"},"modified":"2023-05-31T08:07:11","modified_gmt":"2023-05-31T13:07:11","slug":"sindicato-y-cobao-recorren-planteles-del-estado-para-supervisar-atencion","status":"publish","type":"post","link":"https:\/\/zonaroja.com.mx\/?p=55875","title":{"rendered":"Sindicato y Cobao recorren planteles del estado para supervisar atenci\u00f3n"},"content":{"rendered":"\n<p>Redacci\u00f3n\/Zona Roja.<\/p>\n\n\n\n<p>Oaxaca de Ju\u00e1rez, Oax., a 31 de mayo de 2023.- Con la finalidad de supervisar la infraestructura, escuchar al personal docente y administrativo, as\u00ed como al estudiantado y de esta manera fortalecer la calidad educativa del subsistema, la directora general del Colegio de Bachilleres del Estado de Oaxaca (Cobao) Ver\u00f3nica Hern\u00e1ndez Gonz\u00e1lez realiz\u00f3 un recorrido por los planteles ubicados en las regiones de la Costa e Istmo.<\/p>\n\n\n\n<p>En su compromiso de fortalecer la educaci\u00f3n y conocer la situaci\u00f3n de los 68 planteles del Cobao, Hern\u00e1ndez Gonz\u00e1lez visit\u00f3 nuevamente las unidades educativas 31 Juquila, 25 R\u00edo Grande, 55 San Jos\u00e9 del Progreso, 62 Huazolotitl\u00e1n, 68 Mechoac\u00e1n y 48 Huaxpaltepec, en la regi\u00f3n de la Costa; as\u00ed como los planteles 09 Tapanatepec, 15 Uni\u00f3n Hidalgo y 20 Niltepec, en el Istmo. &nbsp; &nbsp;<\/p>\n\n\n\n<p>Con la convicci\u00f3n de fortalecer la relaci\u00f3n de respeto y trabajo en equipo, el secretario general del Sindicato \u00danico de Trabajadores del Colegio de Bachilleres del Estado de Oaxaca (SutCobao) Rufino Olea Gonz\u00e1lez asisti\u00f3 a estos recorridos, sobre los cuales, la directora general destac\u00f3 la importancia de escuchar y atender las necesidades del personal docente y administrativo de este subsistema.&nbsp;<\/p>\n\n\n\n<p>En cada plantel fueron recibidos por las y los directores y autoridades municipales, quienes fueron escuchados en sus planteamientos con la finalidad de avanzar en la Reparaci\u00f3n Hist\u00f3rica de los Pueblos, como lo ha instituido el Gobernador Salom\u00f3n Jara Cruz a fin de hacer sinergia para el bienestar de la comunidad.<\/p>\n\n\n\n<p>De manera conjunta, se establecieron compromisos para trabajar coordinadamente y realizar las gestiones correspondientes ante los organismos federales y estatales para la realizaci\u00f3n de obras que permitan mejorar la infraestructura y equipamiento de los planteles del Cobao.<\/p>\n\n\n\n<p>(Comunicado)<\/p>\n\n\n\n<figure class=\"wp-block-embed is-type-rich is-provider-twitter wp-block-embed-twitter\"><div class=\"wp-block-embed__wrapper\">\n<div class=\"twitter-tweet\"><blockquote class=\"twitter-tweet\" data-lang=\"es\"><p lang=\"es\" dir=\"ltr\">Nuestra DG <a href=\"https:\/\/twitter.com\/doctoravero?ref_src=twsrc%5Etfw\">@doctoravero<\/a> en su gira de trabajo tambi\u00e9n recorri\u00f3 la regi\u00f3n del Istmo e inici\u00f3 con una visita t\u00e9cnica en el plantel 09 Tapanatepec.<br>En esta visita invit\u00f3 a todas y todos a mantener el esp\u00edritu de esfuerzo que demanda ser estudiante <a href=\"https:\/\/twitter.com\/hashtag\/COBAO?src=hash&amp;ref_src=twsrc%5Etfw\">#COBAO<\/a>. <a href=\"https:\/\/t.co\/jvNYUns5rz\">pic.twitter.com\/jvNYUns5rz<\/a><\/p>&mdash; COBAO (@COBAO_GobOax) <a href=\"https:\/\/twitter.com\/COBAO_GobOax\/status\/1663604901962739712?ref_src=twsrc%5Etfw\">30 de mayo de 2023<\/a><\/blockquote><\/div>\n<\/div><\/figure>\n","protected":false},"excerpt":{"rendered":"<p>Redacci\u00f3n\/Zona Roja. Oaxaca de Ju\u00e1rez, Oax., a 31 de mayo de 2023.- Con la finalidad&hellip;<\/p>\n","protected":false},"author":2,"featured_media":55876,"comment_status":"closed","ping_status":"open","sticky":false,"template":"","format":"standard","meta":{"_lmt_disableupdate":"","_lmt_disable":"","_jetpack_memberships_contains_paid_content":false,"footnotes":""},"categories":[109,46],"tags":[2883],"class_list":["post-55875","post","type-post","status-publish","format-standard","has-post-thumbnail","hentry","category-minuto-a-minuto","category-zona-blanca","tag-colegio-de-bachilleres-de-oaxaca-cobao"],"jetpack_featured_media_url":"https:\/\/zonaroja.com.mx\/wp-content\/uploads\/2023\/05\/Cobao-recorridos-planteles-con-dirigente-sindical.jpeg","jetpack_sharing_enabled":true,"_links":{"self":[{"href":"https:\/\/zonaroja.com.mx\/index.php?rest_route=\/wp\/v2\/posts\/55875","targetHints":{"allow":["GET"]}}],"collection":[{"href":"https:\/\/zonaroja.com.mx\/index.php?rest_route=\/wp\/v2\/posts"}],"about":[{"href":"https:\/\/zonaroja.com.mx\/index.php?rest_route=\/wp\/v2\/types\/post"}],"author":[{"embeddable":true,"href":"https:\/\/zonaroja.com.mx\/index.php?rest_route=\/wp\/v2\/users\/2"}],"replies":[{"embeddable":true,"href":"https:\/\/zonaroja.com.mx\/index.php?rest_route=%2Fwp%2Fv2%2Fcomments&post=55875"}],"version-history":[{"count":1,"href":"https:\/\/zonaroja.com.mx\/index.php?rest_route=\/wp\/v2\/posts\/55875\/revisions"}],"predecessor-version":[{"id":55877,"href":"https:\/\/zonaroja.com.mx\/index.php?rest_route=\/wp\/v2\/posts\/55875\/revisions\/55877"}],"wp:featuredmedia":[{"embeddable":true,"href":"https:\/\/zonaroja.com.mx\/index.php?rest_route=\/wp\/v2\/media\/55876"}],"wp:attachment":[{"href":"https:\/\/zonaroja.com.mx\/index.php?rest_route=%2Fwp%2Fv2%2Fmedia&parent=55875"}],"wp:term":[{"taxonomy":"category","embeddable":true,"href":"https:\/\/zonaroja.com.mx\/index.php?rest_route=%2Fwp%2Fv2%2Fcategories&post=55875"},{"taxonomy":"post_tag","embeddable":true,"href":"https:\/\/zonaroja.com.mx\/index.php?rest_route=%2Fwp%2Fv2%2Ftags&post=55875"}],"curies":[{"name":"wp","href":"https:\/\/api.w.org\/{rel}","templated":true}]}}