{"id":5588,"date":"2019-11-09T18:30:09","date_gmt":"2019-11-10T00:30:09","guid":{"rendered":"http:\/\/www.zonaroja.com.mx\/?p=5588"},"modified":"2019-11-09T18:30:12","modified_gmt":"2019-11-10T00:30:12","slug":"en-coatlan-al-menos-4-emboscadas-con-20-muertos-en-ultimos-anos-delitos-impunes","status":"publish","type":"post","link":"https:\/\/zonaroja.com.mx\/?p=5588","title":{"rendered":"En Coatl\u00e1n, al menos 4 emboscadas con 20 muertos en \u00faltimos a\u00f1os; delitos impunes"},"content":{"rendered":"\n<p>Evlin\nArag\u00f3n\/Zona Roja.<\/p>\n\n\n\n<p>Oaxaca\nde Ju\u00e1rez, Oax., 9 de noviembre de 2019.- San Vicente Coatl\u00e1n ha destacado a\nnivel nacional en varias ocasiones por hechos violentos suscitados en la zona;\nen siete a\u00f1os, al menos cuatro emboscadas se han suscitado en los \u00faltimos siete\na\u00f1os, con saldo de 20 personas asesinadas, entre ni\u00f1os, mujeres y adultos.<\/p>\n\n\n\n<p>El\nm\u00e1s reciente fue el ataque de la tarde de ayer viernes 8 de noviembre hacia\nelementos de Polic\u00eda Estatal, que dio como resultado fatal la muerte de cinco\nintegrantes de la corporaci\u00f3n y dos m\u00e1s resultaron heridos.<\/p>\n\n\n\n<p>El\n25 de junio del 2018, previo a las elecciones locales, ocurri\u00f3 el\nmultihumicidio del candidato a diputado local del Partido Movimiento de\nRegeneraci\u00f3n Nacional (Morena) por el distrito XXI, Emigdio L\u00f3pez Avenda\u00f1o, y\ncuatro personas m\u00e1s, quienes fueron asesinadas en inmediaciones del municipio\nde San Vicente Coatl\u00e1n.<\/p>\n\n\n\n<p>Lo\nanterior derivado de una emboscada que se registr\u00f3 en la carretera de acceso a\ndicha comunidad, distante a unos 60 kil\u00f3metros al sur de la capital, que\nmantiene un conflicto agrario con sus vecinos de Villa Sola de Vega y que ha\ndejado varios muertos en la \u00faltima d\u00e9cada.<\/p>\n\n\n\n<p>De\nacuerdo con los primeros reportes, la emboscada ocurri\u00f3 en el camino de Yogana\nhacia Coatl\u00e1n, en donde tambi\u00e9n resultaron heridas otras personas heridas por\ndisparos de arma de fuego que fueron trasladadas a un hospital de Miahuatl\u00e1n de\nPorfirio D\u00edaz. A la fecha no hay detenidos por este caso.<\/p>\n\n\n\n<p>En\neste mismo sentido, el 27 de diciembre del 2015 otras cuatro personas\nasesinadas, entre ellas una beb\u00e9 y dos m\u00e1s heridas, arroj\u00f3 el ataque armado a\nun veh\u00edculo de alquiler en la localidad de Paso Ancho, en las inmediaciones de\nlos municipios en disputa desde hace 50 a\u00f1os.<\/p>\n\n\n\n<p>La\nemboscada ocurri\u00f3 alrededor de las 04:00 horas de ese domingo, cuando la\ncamioneta de servicio colectivo donde las mujeres y las menores iban como\npasajeras, atraves\u00f3 en el paraje \u00abLa Pihua\u00bb de la localidad de Paso Ancho.<\/p>\n\n\n\n<p>Mientras\nque el 27 de junio del 2012 pobladores del lugar fueron emboscados dejando como\nresultado seis personas muertas como parte de una disputa por 19 mil hect\u00e1reas\ncon la demarcaci\u00f3n vecina, Villa Sola de Vega.<\/p>\n\n\n\n<p>El\nalcalde San Vicente Coatl\u00e1n en ese entonces, Bonifacio Antonio Santos, indic\u00f3\nque vecinos de Sola de Vega atacaron sus paisano que trabajaban en el campo en\nel \u00e1rea en disputa, que incluye las comunidades El Zacamaxtle, Loma de los\nIngenieros y Rancho Viejo.<\/p>\n\n\n\n<p>En\nlas \u00faltimas d\u00e9cadas el conflicto agrario entre habitantes de San Vicente\nCoatl\u00e1n y Sola de Vega ha dejado un aproximado de 40 muertos, adem\u00e1s de varias\ncasas incendiadas, ambas localidades se dicen propietarios de tierras y\ndenuncian la invasi\u00f3n por parte de sus vecinos.<\/p>\n","protected":false},"excerpt":{"rendered":"<p>Evlin Arag\u00f3n\/Zona Roja. Oaxaca de Ju\u00e1rez, Oax., 9 de noviembre de 2019.- San Vicente Coatl\u00e1n&hellip;<\/p>\n","protected":false},"author":2,"featured_media":5589,"comment_status":"closed","ping_status":"open","sticky":false,"template":"","format":"standard","meta":{"_lmt_disableupdate":"","_lmt_disable":"","_jetpack_memberships_contains_paid_content":false,"footnotes":""},"categories":[109,51],"tags":[979],"class_list":["post-5588","post","type-post","status-publish","format-standard","has-post-thumbnail","hentry","category-minuto-a-minuto","category-zona-roja","tag-san-vicente-coatlan"],"jetpack_featured_media_url":"https:\/\/zonaroja.com.mx\/wp-content\/uploads\/2019\/11\/San-Vicente-Coatl\u00e1n.png","jetpack_sharing_enabled":true,"_links":{"self":[{"href":"https:\/\/zonaroja.com.mx\/index.php?rest_route=\/wp\/v2\/posts\/5588","targetHints":{"allow":["GET"]}}],"collection":[{"href":"https:\/\/zonaroja.com.mx\/index.php?rest_route=\/wp\/v2\/posts"}],"about":[{"href":"https:\/\/zonaroja.com.mx\/index.php?rest_route=\/wp\/v2\/types\/post"}],"author":[{"embeddable":true,"href":"https:\/\/zonaroja.com.mx\/index.php?rest_route=\/wp\/v2\/users\/2"}],"replies":[{"embeddable":true,"href":"https:\/\/zonaroja.com.mx\/index.php?rest_route=%2Fwp%2Fv2%2Fcomments&post=5588"}],"version-history":[{"count":1,"href":"https:\/\/zonaroja.com.mx\/index.php?rest_route=\/wp\/v2\/posts\/5588\/revisions"}],"predecessor-version":[{"id":5590,"href":"https:\/\/zonaroja.com.mx\/index.php?rest_route=\/wp\/v2\/posts\/5588\/revisions\/5590"}],"wp:featuredmedia":[{"embeddable":true,"href":"https:\/\/zonaroja.com.mx\/index.php?rest_route=\/wp\/v2\/media\/5589"}],"wp:attachment":[{"href":"https:\/\/zonaroja.com.mx\/index.php?rest_route=%2Fwp%2Fv2%2Fmedia&parent=5588"}],"wp:term":[{"taxonomy":"category","embeddable":true,"href":"https:\/\/zonaroja.com.mx\/index.php?rest_route=%2Fwp%2Fv2%2Fcategories&post=5588"},{"taxonomy":"post_tag","embeddable":true,"href":"https:\/\/zonaroja.com.mx\/index.php?rest_route=%2Fwp%2Fv2%2Ftags&post=5588"}],"curies":[{"name":"wp","href":"https:\/\/api.w.org\/{rel}","templated":true}]}}