{"id":55881,"date":"2023-05-31T08:45:45","date_gmt":"2023-05-31T13:45:45","guid":{"rendered":"http:\/\/www.zonaroja.com.mx\/?p=55881"},"modified":"2023-05-31T08:45:47","modified_gmt":"2023-05-31T13:45:47","slug":"incesante-ola-violenta-en-oaxaca-ejecutan-a-un-taxista-en-juchitan","status":"publish","type":"post","link":"https:\/\/zonaroja.com.mx\/?p=55881","title":{"rendered":"Incesante ola violenta en Oaxaca: ejecutan a un taxista en Juchit\u00e1n"},"content":{"rendered":"\n<p>Redacci\u00f3n\/Zona Roja.<\/p>\n\n\n\n<p>Oaxaca de Ju\u00e1rez, Oax., a 31 de mayo de 2023.- La ola criminal en Oaxaca no cesa y esta madrugada fue ejecutado a balazos un taxista en el municipio de Juchit\u00e1n de Zaragoza, regi\u00f3n del Istmo.<\/p>\n\n\n\n<p>La v\u00edctima fue identificada de manera preliminar como Juan Carlos C. L., quien conduc\u00eda una unidad de motor del sitio \u201cSan Vicente\u201d, con n\u00famero econ\u00f3mico 02-106.<\/p>\n\n\n\n<p>Fue localizado en el interior del veh\u00edculo tipo Tsuru, marca Nissan, en la carretera local que conduce de Juchit\u00e1n de Zaragoza a Uni\u00f3n Hidalgo, cerca del paraje conocido como \u201cEl Estero\u201d.<\/p>\n\n\n\n<p>Hasta el momento se desconoce qui\u00e9n o qui\u00e9nes fueron los agresores as\u00ed como los motivos que originaron el crimen de quien tuvo su domicilio en la colonia Virgen de Guadalupe de la ciudad juchiteca.<\/p>\n\n\n\n<p>Personal de la Vicefiscal\u00eda Regional del Istmo inici\u00f3 las indagatorias correspondientes pero, seg\u00fan reportes policiacos, los familiares retiraron el cuerpo de inmediato.<\/p>\n","protected":false},"excerpt":{"rendered":"<p>Redacci\u00f3n\/Zona Roja. Oaxaca de Ju\u00e1rez, Oax., a 31 de mayo de 2023.- La ola criminal&hellip;<\/p>\n","protected":false},"author":2,"featured_media":47151,"comment_status":"closed","ping_status":"open","sticky":false,"template":"","format":"standard","meta":{"_lmt_disableupdate":"","_lmt_disable":"","_jetpack_memberships_contains_paid_content":false,"footnotes":""},"categories":[109,51],"tags":[123],"class_list":["post-55881","post","type-post","status-publish","format-standard","has-post-thumbnail","hentry","category-minuto-a-minuto","category-zona-roja","tag-juchitan-de-zaragoza"],"jetpack_featured_media_url":"https:\/\/zonaroja.com.mx\/wp-content\/uploads\/2022\/10\/Delitos-violencia-homicidios-asesinatos-Oaxaca.jpg","jetpack_sharing_enabled":true,"_links":{"self":[{"href":"https:\/\/zonaroja.com.mx\/index.php?rest_route=\/wp\/v2\/posts\/55881","targetHints":{"allow":["GET"]}}],"collection":[{"href":"https:\/\/zonaroja.com.mx\/index.php?rest_route=\/wp\/v2\/posts"}],"about":[{"href":"https:\/\/zonaroja.com.mx\/index.php?rest_route=\/wp\/v2\/types\/post"}],"author":[{"embeddable":true,"href":"https:\/\/zonaroja.com.mx\/index.php?rest_route=\/wp\/v2\/users\/2"}],"replies":[{"embeddable":true,"href":"https:\/\/zonaroja.com.mx\/index.php?rest_route=%2Fwp%2Fv2%2Fcomments&post=55881"}],"version-history":[{"count":1,"href":"https:\/\/zonaroja.com.mx\/index.php?rest_route=\/wp\/v2\/posts\/55881\/revisions"}],"predecessor-version":[{"id":55882,"href":"https:\/\/zonaroja.com.mx\/index.php?rest_route=\/wp\/v2\/posts\/55881\/revisions\/55882"}],"wp:featuredmedia":[{"embeddable":true,"href":"https:\/\/zonaroja.com.mx\/index.php?rest_route=\/wp\/v2\/media\/47151"}],"wp:attachment":[{"href":"https:\/\/zonaroja.com.mx\/index.php?rest_route=%2Fwp%2Fv2%2Fmedia&parent=55881"}],"wp:term":[{"taxonomy":"category","embeddable":true,"href":"https:\/\/zonaroja.com.mx\/index.php?rest_route=%2Fwp%2Fv2%2Fcategories&post=55881"},{"taxonomy":"post_tag","embeddable":true,"href":"https:\/\/zonaroja.com.mx\/index.php?rest_route=%2Fwp%2Fv2%2Ftags&post=55881"}],"curies":[{"name":"wp","href":"https:\/\/api.w.org\/{rel}","templated":true}]}}