{"id":55883,"date":"2023-05-31T09:01:10","date_gmt":"2023-05-31T14:01:10","guid":{"rendered":"http:\/\/www.zonaroja.com.mx\/?p=55883"},"modified":"2023-05-31T09:01:11","modified_gmt":"2023-05-31T14:01:11","slug":"ex-dirigentes-de-la-seccion-22-se-deslindan-de-actos-de-corrupcion","status":"publish","type":"post","link":"https:\/\/zonaroja.com.mx\/?p=55883","title":{"rendered":"Ex dirigentes de la Secci\u00f3n 22 se deslindan de actos de corrupci\u00f3n"},"content":{"rendered":"\n<p>Ismael Garc\u00eda M.\/Zona Roja.<\/p>\n\n\n\n<p>Oaxaca de Ju\u00e1rez, Oax., a 31 de mayo de 2023.- Ex dirigentes del Comit\u00e9 Ejecutivo de la Secci\u00f3n 22 del SNTE se deslindaron de actos de corrupci\u00f3n de los que fueron acusados por el gobierno de Oaxaca y por los cuales los indaga el magisterio.<\/p>\n\n\n\n<p>En un comunicado, Eloy L\u00f3pez Hern\u00e1ndez, ex secretario General; Genaro Mart\u00ednez Morales, ex secretario de Organizaci\u00f3n, y Jos\u00e9 Carlos L\u00f3pez Alonso, ex secretario de Finanzas, se\u00f1alaron que son acusaciones para desestabilizar y dividir al sindicato de los trabajadores de la educaci\u00f3n en la entidad.<\/p>\n\n\n\n<p>Respecto a las declaraciones del gobernador Salom\u00f3n Jara Cruz y el director del IEEPO, Emilio Montero P\u00e9rez, los d\u00edas 22 y 29 de mayo, de recibir millones de pesos para la Guelaguetza Magisterial y de impuestos retenidos, indicaron que son se\u00f1alamientos infundados, pues no hay pruebas fehacientes.<\/p>\n\n\n\n<p>Son una injerencia y est\u00e1n \u201cconfundiendo a las bases de MDTEO (Movimiento Democr\u00e1tico de los Trabajadores de la Educaci\u00f3n de Oaxaca)\u2026 se basan en especulaciones y calumnias, ya que si existen pruebas deben presentarlas ante las instancias correspondientes y no utilizar como estrategia pol\u00edtica para dividir al movimiento\u201d.<\/p>\n\n\n\n<p>Expusieron que \u201ces inadmisible que hoy exista una clara coordinaci\u00f3n pol\u00edtica entre la nueva dirigencia seccional y el Gobierno del Estado para acusar sin pruebas a la dirigencia anterior y eso es sumamente riesgoso para la autonom\u00eda sindical que est\u00e1 siendo violentada perversamente. La injerencia del gobierno en los asuntos internos es m\u00e1s que evidente, as\u00ed como la complacencia de la representaci\u00f3n\u201d.<\/p>\n\n\n\n<p>A\u00f1adieron que nadie tiene la capacidad de manipular al movimiento de m\u00e1s de 83 mil trabajadores; \u201cquien as\u00ed lo afirme desconoce al MDTEO, sus instancias y sus procesos.<\/p>\n\n\n\n<p>\u201cEn la actual coyuntura las movilizaciones y acciones pol\u00edticas que tanto molestan al gobierno estatal han sido determinadas por la Asamblea Estatal y sobre todo la consulta a las bases; decir que ello ha sido manipulado, representa una ofensa a la propia consulta, a la Asamblea Estatal y a las bases\u201d.<\/p>\n\n\n\n<p>Los ex secretarios General, de Organizaci\u00f3n y de Finanzas consideraron que se trata de una campa\u00f1a de difamaci\u00f3n y de calumnia que \u201ctratan de ocultar la falta de capacidad para atender las demandas del MDTEO, el descr\u00e9dito infundado niega los logros que se tuvieron anteriormente\u201d.<\/p>\n\n\n\n<p>Precisaron que no es responsabilidad de ellos \u201clos desatinos y desencuentros del actual gobernador con el magisterio; fue su responsabilidad como senador no haber votado para abrogar la mal llamada reforma educativa de Pe\u00f1a Nieto, y como candidato a la gobernatura declarar como crimen del magisterio el rezago educativo en Oaxaca y prometer que el PTEO ser\u00eda una realidad como pol\u00edtica educativa en Oaxaca, sin conocerlo a fondo\u201d.<\/p>\n\n\n\n<p>Indicaron que si existen las pruebas en contra de los se\u00f1alados, que sean presentadas ante las instancias correspondientes, se finquen responsabilidades y se aplique la ley; \u201cde otro modo todo es producto de la desinformaci\u00f3n y de una estrategia perversa para pretender burdamente controlar al MDTEO, as\u00ed como de pactos del gobierno con personajes al interior del magisterio que en el pasado reciente se rasgaban las vestiduras contra el gobierno del presidente Andr\u00e9s Manuel L\u00f3pez Obrador\u201d.<\/p>\n","protected":false},"excerpt":{"rendered":"<p>Ismael Garc\u00eda M.\/Zona Roja. Oaxaca de Ju\u00e1rez, Oax., a 31 de mayo de 2023.- Ex&hellip;<\/p>\n","protected":false},"author":2,"featured_media":50029,"comment_status":"closed","ping_status":"open","sticky":false,"template":"","format":"standard","meta":{"_lmt_disableupdate":"","_lmt_disable":"","_jetpack_memberships_contains_paid_content":false,"footnotes":""},"categories":[109,47],"tags":[312],"class_list":["post-55883","post","type-post","status-publish","format-standard","has-post-thumbnail","hentry","category-minuto-a-minuto","category-zona-gris","tag-seccion-22-del-snte"],"jetpack_featured_media_url":"https:\/\/zonaroja.com.mx\/wp-content\/uploads\/2023\/01\/Eloy-Lopez-Hernandez.jpeg","jetpack_sharing_enabled":true,"_links":{"self":[{"href":"https:\/\/zonaroja.com.mx\/index.php?rest_route=\/wp\/v2\/posts\/55883","targetHints":{"allow":["GET"]}}],"collection":[{"href":"https:\/\/zonaroja.com.mx\/index.php?rest_route=\/wp\/v2\/posts"}],"about":[{"href":"https:\/\/zonaroja.com.mx\/index.php?rest_route=\/wp\/v2\/types\/post"}],"author":[{"embeddable":true,"href":"https:\/\/zonaroja.com.mx\/index.php?rest_route=\/wp\/v2\/users\/2"}],"replies":[{"embeddable":true,"href":"https:\/\/zonaroja.com.mx\/index.php?rest_route=%2Fwp%2Fv2%2Fcomments&post=55883"}],"version-history":[{"count":1,"href":"https:\/\/zonaroja.com.mx\/index.php?rest_route=\/wp\/v2\/posts\/55883\/revisions"}],"predecessor-version":[{"id":55884,"href":"https:\/\/zonaroja.com.mx\/index.php?rest_route=\/wp\/v2\/posts\/55883\/revisions\/55884"}],"wp:featuredmedia":[{"embeddable":true,"href":"https:\/\/zonaroja.com.mx\/index.php?rest_route=\/wp\/v2\/media\/50029"}],"wp:attachment":[{"href":"https:\/\/zonaroja.com.mx\/index.php?rest_route=%2Fwp%2Fv2%2Fmedia&parent=55883"}],"wp:term":[{"taxonomy":"category","embeddable":true,"href":"https:\/\/zonaroja.com.mx\/index.php?rest_route=%2Fwp%2Fv2%2Fcategories&post=55883"},{"taxonomy":"post_tag","embeddable":true,"href":"https:\/\/zonaroja.com.mx\/index.php?rest_route=%2Fwp%2Fv2%2Ftags&post=55883"}],"curies":[{"name":"wp","href":"https:\/\/api.w.org\/{rel}","templated":true}]}}